{"id":2860,"date":"2023-05-04T13:14:02","date_gmt":"2023-05-04T17:14:02","guid":{"rendered":"https:\/\/elmundodelapolitica.com\/v1\/?p=2860"},"modified":"2023-05-04T13:14:02","modified_gmt":"2023-05-04T17:14:02","slug":"ponen-escena-concierto-sinatra-el-tributo-a-beneficio-unidos-ayudamos-mas","status":"publish","type":"post","link":"https:\/\/elmundodelapolitica.com\/v1\/ponen-escena-concierto-sinatra-el-tributo-a-beneficio-unidos-ayudamos-mas\/","title":{"rendered":"Ponen escena Concierto \u201cSinatra el Tributo\u201d a beneficio UNIDOS AYUDAMOS M\u00c1S"},"content":{"rendered":"<div>\n<p><strong>Puesta en escena del Concierto Musical \u201cSinatra el Tributo\u201d,\u00a0 evento solidario a\u00a0 beneficio de UNIDOS AYUDAMOS MAS,\u00a0 por los Sordos, por los discapacitados intelectuales y por la salud cardiovascular de la sociedad dominicana.<\/strong><\/p>\n<p><strong>UNIDOS AYUDAMOS MAS<\/strong>,\u00a0 una alianza de organizaciones sin fines de lucro conformada por: LA ASOCIACI\u00d3N PRO-EDUCACI\u00d3N DEL SORDO (APES),\u00a0 LA FUNDACI\u00d3N DOMINICANA DE CARDIOLOG\u00cdA (FUNDOCAR), y EL ARCA DE LA REP\u00daBLICA DOMINICANA cuyo objetivo principal es gestionar ayudas, cooperaci\u00f3n, recursos financieros y en especie, mediante la ejecuci\u00f3n de actividades ben\u00e9ficas e iniciativas diversas.<\/p>\n<div class=\"wp-block-image\">\n<figure class=\"aligncenter size-full\"><img loading=\"lazy\" data-attachment-id=\"27785\" data-permalink=\"https:\/\/elmundodelosnegocios.com.do\/v1\/index.php\/2023\/05\/04\/ponen-escena-concierto-sinatra-el-tributo-a-beneficio-unidos-ayudamos-mas\/1-bpd-2\/\" data-orig-file=\"https:\/\/i0.wp.com\/elmundodelosnegocios.com.do\/v1\/wp-content\/uploads\/2023\/05\/1-bpd.jpg?fit=1000%2C667&amp;ssl=1\" data-orig-size=\"1000,667\" data-comments-opened=\"0\" data-image-meta='{\"aperture\":\"5.6\",\"credit\":\"\",\"camera\":\"Canon EOS 5D Mark III\",\"caption\":\"\",\"created_timestamp\":\"1683075569\",\"copyright\":\"\",\"focal_length\":\"28\",\"iso\":\"4000\",\"shutter_speed\":\"0.0125\",\"title\":\"\",\"orientation\":\"1\"}' data-image-title=\"1-bpd\" data-image-description=\"\" data-image-caption=\"\" data-medium-file=\"https:\/\/i0.wp.com\/elmundodelosnegocios.com.do\/v1\/wp-content\/uploads\/2023\/05\/1-bpd.jpg?fit=300%2C200&amp;ssl=1\" data-large-file=\"https:\/\/i0.wp.com\/elmundodelosnegocios.com.do\/v1\/wp-content\/uploads\/2023\/05\/1-bpd.jpg?fit=1000%2C667&amp;ssl=1\" decoding=\"async\" width=\"1000\" height=\"667\" src=\"https:\/\/i0.wp.com\/elmundodelosnegocios.com.do\/v1\/wp-content\/uploads\/2023\/05\/1-bpd.jpg?resize=1000,667&amp;ssl=1\" alt=\"\" class=\"wp-image-27785\" srcset=\"https:\/\/i0.wp.com\/elmundodelosnegocios.com.do\/v1\/wp-content\/uploads\/2023\/05\/1-bpd.jpg?w=1000&amp;ssl=1 1000w, https:\/\/i0.wp.com\/elmundodelosnegocios.com.do\/v1\/wp-content\/uploads\/2023\/05\/1-bpd.jpg?resize=300%2C200&amp;ssl=1 300w, https:\/\/i0.wp.com\/elmundodelosnegocios.com.do\/v1\/wp-content\/uploads\/2023\/05\/1-bpd.jpg?resize=768%2C512&amp;ssl=1 768w\" sizes=\"auto, (max-width: 1000px) 100vw, 1000px\" data-recalc-dims=\"1\"><\/figure>\n<\/div>\n<p>Teniendo como escenario el Bar Juan Lockward del Teatro Nacional,\u00a0 los representantes de las ONGS de\u00a0<strong>UNIDOS AYUDAMOS MAS<\/strong>\u00a0dieron a conocer mediante una de rueda de prensa, los detalles de su primera iniciativa de manera unificada, que es promover el evento solidario pro recaudaci\u00f3n de fondos, con la puesta en escena del concierto musical\u00a0<strong>\u201cSINATRA\u2026.. EL TRIBUTO\u201d,<\/strong>\u00a0bajo la direcci\u00f3n del productor, director y compositor musical dominicano Amaury S\u00e1nchez, en una \u00fanica funci\u00f3n el s\u00e1bado 03 de junio de 2023, a las 8:30 p.m. en la Sala Principal Carlos Piantini del Teatro Nacional Eduardo Brito, en Santo Domingo, Distrito Nacional.<\/p>\n<div class=\"wp-block-image\">\n<figure class=\"aligncenter size-full\"><img data-attachment-id=\"27786\" data-permalink=\"https:\/\/elmundodelosnegocios.com.do\/v1\/index.php\/2023\/05\/04\/ponen-escena-concierto-sinatra-el-tributo-a-beneficio-unidos-ayudamos-mas\/2-bpd-2\/\" data-orig-file=\"https:\/\/i0.wp.com\/elmundodelosnegocios.com.do\/v1\/wp-content\/uploads\/2023\/05\/2-bpd.jpg?fit=1000%2C667&amp;ssl=1\" data-orig-size=\"1000,667\" data-comments-opened=\"0\" data-image-meta='{\"aperture\":\"4.5\",\"credit\":\"\",\"camera\":\"Canon EOS 5D Mark III\",\"caption\":\"\",\"created_timestamp\":\"1683074736\",\"copyright\":\"\",\"focal_length\":\"47\",\"iso\":\"4000\",\"shutter_speed\":\"0.016666666666667\",\"title\":\"\",\"orientation\":\"1\"}' data-image-title=\"2-bpd\" data-image-description=\"\" data-image-caption=\"\" data-medium-file=\"https:\/\/i0.wp.com\/elmundodelosnegocios.com.do\/v1\/wp-content\/uploads\/2023\/05\/2-bpd.jpg?fit=300%2C200&amp;ssl=1\" data-large-file=\"https:\/\/i0.wp.com\/elmundodelosnegocios.com.do\/v1\/wp-content\/uploads\/2023\/05\/2-bpd.jpg?fit=1000%2C667&amp;ssl=1\" decoding=\"async\" loading=\"lazy\" width=\"1000\" height=\"667\" src=\"https:\/\/i0.wp.com\/elmundodelosnegocios.com.do\/v1\/wp-content\/uploads\/2023\/05\/2-bpd.jpg?resize=1000,667&amp;ssl=1\" alt=\"\" class=\"wp-image-27786\" srcset=\"https:\/\/i0.wp.com\/elmundodelosnegocios.com.do\/v1\/wp-content\/uploads\/2023\/05\/2-bpd.jpg?w=1000&amp;ssl=1 1000w, https:\/\/i0.wp.com\/elmundodelosnegocios.com.do\/v1\/wp-content\/uploads\/2023\/05\/2-bpd.jpg?resize=300%2C200&amp;ssl=1 300w, https:\/\/i0.wp.com\/elmundodelosnegocios.com.do\/v1\/wp-content\/uploads\/2023\/05\/2-bpd.jpg?resize=768%2C512&amp;ssl=1 768w\" sizes=\"auto, (max-width: 1000px) 100vw, 1000px\" data-recalc-dims=\"1\"><\/figure>\n<\/div>\n<p>El concierto musical es un tributo al legendario artista estadounidense Frank Sinatra, una compilaci\u00f3n de sus \u00e9xitos con 22 canciones originales del g\u00e9nero est\u00e1ndar de jazz,\u00a0 contar\u00e1 con la presentaci\u00f3n de 4 talentosos\u00a0 y reconocidos artistas: M\u00e1ximo Mart\u00ednez, H\u00e9ctor An\u00edbal, Laura Rivera y Jos\u00e9 Guillermo Cortines, as\u00ed como la orquesta Big Band \u201cSanto Domingo Pops\u201d, compuesta por 16 m\u00fasicos en el escenario, bajo la direcci\u00f3n del maestro Amaury S\u00e1nchez. Los fondos recaudados con esta actividad ser\u00e1n destinados a proyectos de inversi\u00f3n social generando impacto positivo en los programas e iniciativas de estas fundaciones y sus beneficiarios.<\/p>\n<p>LAS BOLETAS EST\u00c1N A LA VENTA EN LA PLATAFORMA UEPA TICKETS, En CCN Servicios Uepa Tickets de Supermercados Nacional y Jumbo, y\u00a0 en el Club de Lectores del LISTIN DIARIO.<\/p>\n<p>\u00a0LA FUNCI\u00d3N EST\u00c1 PAUTADA PARA LAS 8:30 PM DEL SABADO 03 DE JUNIO.<\/p>\n<p>Durante la convocatoria a los medios de comunicaci\u00f3n, fueron presentados videos institucionales dando a conocer las\u00a0 misiones, impacto y necesidades de las 3 Instituciones que trabajan arduamente a favor de las personas, Sordas, con discapacidad intelectual y con pacientes con condiciones cardiovasculares\u00a0 y\u00a0 prevenci\u00f3n de la salud del coraz\u00f3n.<\/p>\n<p>La Comunicadora Jatnna Tav\u00e1rez, Embajadora de la comunidad SORDA a trav\u00e9s de Apes y Enapsor, y abanderada de la Inclusi\u00f3n en el pa\u00eds, siempre acompa\u00f1ando estas causas, tuvo a su carga la conducci\u00f3n de la actividad con el entusiasmo y profesionalismo que la destacan.<\/p>\n<p>La Sra. Myrna Brugal de Jana, Presidente de\u00a0<strong>LA ASOCIACI\u00d3N PRO-EDUCACI\u00d3N DEL SORDO (APES):\u00a0\u00a0<\/strong>sobre la comunidad SORDA en el pa\u00eds\u00a0 expres\u00f3: \u201cMe siento animada y comprometida, contin\u00fao dando apoyo a instituciones de orden social, ideando la uni\u00f3n de varias ONG\u2019s en b\u00fasqueda de obtener mayores beneficios provenientes de actividades de alta concurrencia para as\u00ed dar oportunidad a que generosas personas apoyen nuestras misiones voluntarias, en bien de aquellos que reciben nuestros especializados servicios\u201d. De igual manera, la Presidenta de APES exhort\u00f3 al empresariado dominicano a sumarse a esta noble causa participando en calidad de Patrocinadores en diversas categor\u00edas disponibles,\u00a0 se\u00f1alando que \u201cesta iniciativa les permitir\u00e1 poner en relieve\u00a0 su amplia\u00a0 labor y\u00a0 junto a nosotros,\u00a0 poder visibilizar los ODS # 16 y # 17\u00a0 de la agenda 2030, que\u00a0solo se pueden conseguir con asociaciones y alianzas mundiales s\u00f3lidas, as\u00ed como con cooperaci\u00f3n p\u00fablica- privada.<\/p>\n<p>En lo que respecta a\u00a0<strong>La Asociaci\u00f3n Pro-Educaci\u00f3n del Sordo (APES)<\/strong>, honramos la iniciativa de nuestros fundadores quienes hace 54 a\u00f1os iniciaron brindando educaci\u00f3n especializada al Sordo ; continuamos esa labor en nuestras doce Escuelas Nacional para Sordos en diferentes provincias del pa\u00eds, este a\u00f1o escolar contamos con una matricula de 872 estudiantes con discapacidad auditiva.<\/p>\n<p>De su parte, el Sr. Jaime Borb\u00f3n Tholenaar, Presidente de\u00a0<strong>EL ARCA DE LA REP\u00daBLICA DOMINICANA\u00a0<\/strong>se\u00f1al\u00f3: \u201cEstamos cerca de cumplir 40 a\u00f1os en la Rep\u00fablica Dominicana, de convivir con personas, que a la vista parecen vulnerables, d\u00e1ndonos cuenta de la fortaleza que poseen y desarrollan por dentro.\u00a0 Nuestros acogidos con discapacidad intelectual nos han ense\u00f1ando mucho. Sus limitaciones f\u00edsicas y mentales no se pueden comparar con sus actitudes y alegr\u00edas al sentirse \u00fatiles.\u201d<\/p>\n<p>El Presidente de<strong>\u00a0LA FUNDACI\u00d3N DOMINICANA DE CARDIOLOG\u00cdA (FUNDOCAR)<\/strong>, el Dr. Osiris Valdez, destac\u00f3: \u201cNuestra misi\u00f3n esbrindar servicios para una mejor salud cardiovascular, a fin de que el pueblo dominicano pueda obtener una \u00f3ptima calidad de vida\u201d.<\/p>\n<p>El director musical del concierto, el maestro Amaury S\u00e1nchez destac\u00f3: \u201ces un concierto especial ya que los arreglos musicales son originales, tal y como Sinatra los grab\u00f3. Siempre es un placer para mi contribuir a tan noble causa, sobre todo cuando son varias instituciones como sucede en esta ocasi\u00f3n. Tendremos una gran orquesta para la interpretaci\u00f3n de las canciones y volver al Teatro Nacional con esta propuesta es algo de verdad emocionante, puesto que voy a compartir con grandes artistas que a la vez son grandes amigos, con H\u00e9ctor Anibal, Max Mart\u00ednez, Laura Rivera y Jose Guillermo\u201d.<\/p>\n<p>De su parte, la Sra. Lisette Fern\u00e1ndez, productora, Coordinadora General- Productora y Gesti\u00f3n de Patrocinios\u00a0UNIDOS AYUDAMOS M\u00c1S destac\u00f3: \u201cCon esta alianza UNIDOS AYUDAMOS MAS estamos apostando a ser mas inclusivos y juntos demostrar que las alianzas p\u00fablicos- privadas son la base para una visi\u00f3n estrat\u00e9gica del desarrollo sostenible, por lo que invitamos a todos los sectores de la sociedad dominicana a ser parte de esta iniciativa, a aportar su granito de arena para garantizar una mejor calidad de vida a estas comunidades vulnerables a las que estas ONGS sirven con tanta entrega y pasi\u00f3n\u201d.\u00a0\u00a0<\/p>\n<p>Durante la rueda de prensa\u00a0<strong>UNIDOS AYUDAMOS MAS\u00a0<\/strong>expres\u00f3 en nombre de las tres ONGS que la conforman, su inmenso agradecimiento al apoyo solidario al Concierto\u00a0<strong>\u201cSinatra El Tributo\u201d\u00a0\u00a0<\/strong>recibido por parte de los que hasta el momento son sus\u00a0\u00a0Patrocinadores: La Asociaci\u00f3n Popular de Ahorros y Pr\u00e9stamos-APAP, La Casa Brugal\/ Ron Brugal, CCN\/ La Bodega y Peri\u00f3dico Hoy.\u00a0 Agradecimiento a sus aliados estrat\u00e9gicos:\u00a0En CCN Servicios\/ Supermercados Nacional y JUMBO, ADN- Alcald\u00eda del Distrito Nacional,\u00a0 Uepa Tickets,\u00a0 Teatro Nacional, World Voices\/ Reynaldo Infante y Cinthia Ort\u00edz y Anfitriones. De la misma forma, agradecen a sus medios aliados por su valioso apoyo con la promoci\u00f3n del concierto: Rentalvision, Emisora Ra\u00edces Radio de la Fundaci\u00f3n Eduardo Le\u00f3n Jimenes, Programa\u00a0de Radio Camino al sol, Prog.\u00a0\u00a0de Radio Octavio Beras Goico, Prog. de Radio\u00a0\u00a0Besos y Abrazos con Raquel y Jose, Color Visi\u00f3n -Canal 9- Sra. Nelly Mota y Pinceldigital.\u00a0<\/p>\n<\/div>\n","protected":false},"excerpt":{"rendered":"<p>Puesta en escena del Concierto Musical \u201cSinatra el Tributo\u201d,\u00a0 evento solidario a\u00a0 beneficio de UNIDOS AYUDAMOS MAS,\u00a0 por los Sordos, por los discapacitados intelectuales y por la salud cardiovascular de&hellip; <\/p>\n","protected":false},"author":2,"featured_media":2861,"comment_status":"closed","ping_status":"closed","sticky":false,"template":"","format":"standard","meta":{"fifu_image_url":"https:\/\/i0.wp.com\/elmundodelosnegocios.com.do\/v1\/wp-content\/uploads\/2023\/05\/1-bpd.jpg?resize=1000,667&ssl=1","fifu_image_alt":"Ponen escena Concierto \u201cSinatra el Tributo\u201d a beneficio UNIDOS AYUDAMOS M\u00c1S","footnotes":""},"categories":[63],"tags":[],"class_list":["post-2860","post","type-post","status-publish","format-standard","has-post-thumbnail","hentry","category-actualidad"],"_links":{"self":[{"href":"https:\/\/elmundodelapolitica.com\/v1\/wp-json\/wp\/v2\/posts\/2860","targetHints":{"allow":["GET"]}}],"collection":[{"href":"https:\/\/elmundodelapolitica.com\/v1\/wp-json\/wp\/v2\/posts"}],"about":[{"href":"https:\/\/elmundodelapolitica.com\/v1\/wp-json\/wp\/v2\/types\/post"}],"author":[{"embeddable":true,"href":"https:\/\/elmundodelapolitica.com\/v1\/wp-json\/wp\/v2\/users\/2"}],"replies":[{"embeddable":true,"href":"https:\/\/elmundodelapolitica.com\/v1\/wp-json\/wp\/v2\/comments?post=2860"}],"version-history":[{"count":0,"href":"https:\/\/elmundodelapolitica.com\/v1\/wp-json\/wp\/v2\/posts\/2860\/revisions"}],"wp:featuredmedia":[{"embeddable":true,"href":"https:\/\/elmundodelapolitica.com\/v1\/wp-json\/wp\/v2\/media\/2861"}],"wp:attachment":[{"href":"https:\/\/elmundodelapolitica.com\/v1\/wp-json\/wp\/v2\/media?parent=2860"}],"wp:term":[{"taxonomy":"category","embeddable":true,"href":"https:\/\/elmundodelapolitica.com\/v1\/wp-json\/wp\/v2\/categories?post=2860"},{"taxonomy":"post_tag","embeddable":true,"href":"https:\/\/elmundodelapolitica.com\/v1\/wp-json\/wp\/v2\/tags?post=2860"}],"curies":[{"name":"wp","href":"https:\/\/api.w.org\/{rel}","templated":true}]}}