{"id":2838,"date":"2023-05-03T20:57:12","date_gmt":"2023-05-04T00:57:12","guid":{"rendered":"https:\/\/elmundodelapolitica.com\/v1\/?p=2838"},"modified":"2023-05-03T20:57:12","modified_gmt":"2023-05-04T00:57:12","slug":"solbus-anuncia-inversion-de-4-millones-de-dolares-para-renovacion-de-flota-vehicular","status":"publish","type":"post","link":"https:\/\/elmundodelapolitica.com\/v1\/solbus-anuncia-inversion-de-4-millones-de-dolares-para-renovacion-de-flota-vehicular\/","title":{"rendered":"Solbus anuncia inversi\u00f3n de 4 millones de d\u00f3lares para renovaci\u00f3n de flota vehicular"},"content":{"rendered":"<div>\n<p>La empresa dedicada al transporte por carretera de turistas, ejecutivos y empleados, anunci\u00f3 durante el pasado DATE 2023 una inversi\u00f3n econ\u00f3mica que les permitir\u00e1 fortalecer sus servicios en toda la Rep\u00fablica Dominicana, as\u00ed como elevar la cantidad de 100 servicios diarios a 400.<\/p>\n<p>Santo Domingo, 3 de mayo de 2023. Solbus, empresa de la divisi\u00f3n Mobility de Grupo Pi\u00f1ero dedicada al transporte de turistas, ejecutivos y empleados con m\u00e1s de 25 a\u00f1os de experiencia en el pa\u00eds, anunci\u00f3 durante el pasado DATE 2023 realizado en Punta Cana, la inversi\u00f3n de 4 millones de d\u00f3lares para la renovaci\u00f3n de su flota vehicular.<\/p>\n<p>Dicha renovaci\u00f3n abarca la incorporaci\u00f3n de 78 nuevos veh\u00edculos con los que se pretende duplicar la facturaci\u00f3n actual, as\u00ed como pasar de 100 servicios diarios a 400. De igual manera, la renovaci\u00f3n marca el inicio de un plan ambicioso de movilidad sostenible que Solbus buscar\u00e1 materializar en cinco a\u00f1os, teniendo como resultado, por ejemplo, el uso de veh\u00edculos totalmente el\u00e9ctricos incorporando sistemas de carga r\u00e1pida de acumulaci\u00f3n de energ\u00eda con placas solares.<\/p>\n<p>Al respecto, Carlos Navarro, director general de Solbus coment\u00f3: \u00abestamos contentos de comunicar la renovaci\u00f3n de nuestra flota de veh\u00edculos, sabemos la importancia que la industria del turismo tiene para el desarrollo econ\u00f3mico y social de Rep\u00fablica Dominicana y, por ello, todas las empresas que estamos involucradas en ofrecer servicios tur\u00edsticos tenemos la obligaci\u00f3n de mantenernos a la vanguardia, cada vez m\u00e1s apostando por la movilidad sostenible\u00bb.<\/p>\n<p>En el marco del anuncio de la inversi\u00f3n, Solbus resalt\u00f3 los esfuerzos en materia de capacitaci\u00f3n y actualizaci\u00f3n que constantemente impulsan para sus colaboradores de la mano del Instituto Nacional de Formaci\u00f3n T\u00e9cnico Profesional (INFOTEP): \u00abpara nosotros la constante capacitaci\u00f3n de nuestros colaboradores es fundamental para mantener los m\u00e1s altos est\u00e1ndares de seguridad vial y de servicio al cliente, en ese sentido, de la mano del INFOTEP hemos venido trabajando para fortalecer sus diferentes habilidades t\u00e9cnicas\u00bb, apunt\u00f3 el directivo.<\/p>\n<p>Actualmente Solbus cuenta con una plantilla de m\u00e1s de 220 colaboradores locales que, adem\u00e1s de recibir beneficios de alojamiento y servicios de alimentaci\u00f3n, cuentan con capacitaciones constantes enfocadas en temas de seguridad vial, educaci\u00f3n vial, resoluci\u00f3n de conflictos, servicio al cliente y liderazgo.<\/p>\n<\/div>\n","protected":false},"excerpt":{"rendered":"<p>La empresa dedicada al transporte por carretera de turistas, ejecutivos y empleados, anunci\u00f3 durante el pasado DATE 2023 una inversi\u00f3n econ\u00f3mica que les permitir\u00e1 fortalecer sus servicios en toda la&hellip; <\/p>\n","protected":false},"author":2,"featured_media":0,"comment_status":"closed","ping_status":"closed","sticky":false,"template":"","format":"standard","meta":{"fifu_image_url":"","fifu_image_alt":"","footnotes":""},"categories":[63],"tags":[],"class_list":["post-2838","post","type-post","status-publish","format-standard","hentry","category-actualidad"],"_links":{"self":[{"href":"https:\/\/elmundodelapolitica.com\/v1\/wp-json\/wp\/v2\/posts\/2838","targetHints":{"allow":["GET"]}}],"collection":[{"href":"https:\/\/elmundodelapolitica.com\/v1\/wp-json\/wp\/v2\/posts"}],"about":[{"href":"https:\/\/elmundodelapolitica.com\/v1\/wp-json\/wp\/v2\/types\/post"}],"author":[{"embeddable":true,"href":"https:\/\/elmundodelapolitica.com\/v1\/wp-json\/wp\/v2\/users\/2"}],"replies":[{"embeddable":true,"href":"https:\/\/elmundodelapolitica.com\/v1\/wp-json\/wp\/v2\/comments?post=2838"}],"version-history":[{"count":0,"href":"https:\/\/elmundodelapolitica.com\/v1\/wp-json\/wp\/v2\/posts\/2838\/revisions"}],"wp:attachment":[{"href":"https:\/\/elmundodelapolitica.com\/v1\/wp-json\/wp\/v2\/media?parent=2838"}],"wp:term":[{"taxonomy":"category","embeddable":true,"href":"https:\/\/elmundodelapolitica.com\/v1\/wp-json\/wp\/v2\/categories?post=2838"},{"taxonomy":"post_tag","embeddable":true,"href":"https:\/\/elmundodelapolitica.com\/v1\/wp-json\/wp\/v2\/tags?post=2838"}],"curies":[{"name":"wp","href":"https:\/\/api.w.org\/{rel}","templated":true}]}}