{"id":2835,"date":"2023-05-03T20:40:52","date_gmt":"2023-05-04T00:40:52","guid":{"rendered":"https:\/\/elmundodelapolitica.com\/v1\/?p=2835"},"modified":"2023-05-03T20:40:53","modified_gmt":"2023-05-04T00:40:53","slug":"r-d-participa-seminario-internacional-para-abordar-microtrafico-de-drogas","status":"publish","type":"post","link":"https:\/\/elmundodelapolitica.com\/v1\/r-d-participa-seminario-internacional-para-abordar-microtrafico-de-drogas\/","title":{"rendered":"R. D. participa Seminario Internacional para abordar microtr\u00e1fico de drogas"},"content":{"rendered":"\n<p>&nbsp;<strong>Fortaleza, Brasil. &#8211;<\/strong>&nbsp;El Consejo Nacional de Drogas (CND) represent\u00f3 a la Rep\u00fablica Dominicana, en el Grupo de trabajo del Programa de Cooperaci\u00f3n entre Am\u00e9rica Latina, el Caribe y la Uni\u00f3n Europea en Pol\u00edticas sobre Drogas (COPOLAD), con objetivo de intercambiar mejores pr\u00e1cticas en intervenciones sobre drogas en territorios urbanos de alta vulnerabilidad.<\/p>\n\n\n\n<p>En el encuentro birregional donde expertos se reunieron para compartir propuestas de intervenci\u00f3n territorial y abordajes integrales del microtr\u00e1fico de drogas, la delegaci\u00f3n dominicana integrada por la directora de Estrategia de Prevenci\u00f3n de Drogas y Promoci\u00f3n de Salud, Licda. Lohadis Ure\u00f1a, present\u00f3 la experiencia pa\u00eds de las pol\u00edticas de territorializaci\u00f3n en prevenci\u00f3n de drogas.<\/p>\n\n\n\n<p>Ure\u00f1a, habl\u00f3 en representaci\u00f3n del presidente del Consejo Nacional de Drogas, Lic. Jaime Marte Mart\u00ednez, quien resalt\u00f3 que esas acciones han sido llevadas a cabo a trav\u00e9s de las conformaciones de coaliciones comunitarias en prevenci\u00f3n de Boca Chica y Pantoja.<\/p>\n\n\n\n<p>Durante el evento dirigido a representantes t\u00e9cnicos y pol\u00edticos de los pa\u00edses de Am\u00e9rica Latina, el Caribe y la Uni\u00f3n Europea, la directora de Estrategia de Prevenci\u00f3n de Drogas y Promoci\u00f3n de Salud junto al encargado de Planificaci\u00f3n y Desarrollo,&nbsp;Ing. Edwin del Valle&nbsp;&nbsp;&nbsp;presentaron propuestas y ejecutorias desarrolladas por el CND en el \u00e1mbito de la prevenci\u00f3n.<\/p>\n\n\n\n<p><strong>El evento<\/strong><\/p>\n\n\n\n<p>El evento tuvo lugar en el Hotel Marina Park, en Fortaleza, Brasil, con la coordinaci\u00f3n del Programa \"COPOLAD III\", a trav\u00e9s del Componente 2.4 sobre Abordaje de las Vulnerabilidades para el Desarrollo ligadas a las Drogas en Territorio.<\/p>\n\n\n\n<p>Con intervenciones directas de asistencia t\u00e9cnica para atender necesidades a nivel nacional y dar impulso a intervenciones transformadoras e innovadoras, movilizando la experiencia&nbsp;p\u00fablica europea y de la regi\u00f3n latinoamericana y caribe\u00f1a, en esquemas de cooperaci\u00f3n bilateral, triangular y Sur-Sur.<\/p>\n\n\n\n<p>Los pa\u00edses participantes en el grupo de trabajo son: Argentina, Brasil, Chile, Costa Rica, Ecuador, Guatemala, Honduras, M\u00e9xico, Per\u00fa, Rep\u00fablica Dominicana, Uruguay, Venezuela, Bahamas, Barbados, Belice, Jamaica, San Crist\u00f3bal y Nieves, San Vicente y las Granadinas, Surinam, Trinidad y Tobago, Bulgaria, Grecia, Espa\u00f1a y Portugal.<\/p>\n\n\n\n<p><strong>COPOLAD<\/strong><\/p>\n\n\n\n<p>COPOLAD es un Programa de Cooperaci\u00f3n entre Am\u00e9rica Latina, Caribe y Uni\u00f3n Europea en Pol\u00edticas sobre Drogas, financiado por la Uni\u00f3n Europea, que combina los espacios de colaboraci\u00f3n birregional y multi-pa\u00eds.<\/p>\n","protected":false},"excerpt":{"rendered":"<p>&nbsp;Fortaleza, Brasil. &#8211;&nbsp;El Consejo Nacional de Drogas (CND) represent\u00f3 a la Rep\u00fablica Dominicana, en el Grupo de trabajo del Programa de Cooperaci\u00f3n entre Am\u00e9rica Latina, el Caribe y la Uni\u00f3n&hellip; <\/p>\n","protected":false},"author":2,"featured_media":2836,"comment_status":"open","ping_status":"open","sticky":false,"template":"","format":"standard","meta":{"fifu_image_url":"","fifu_image_alt":"","footnotes":""},"categories":[16],"tags":[],"class_list":["post-2835","post","type-post","status-publish","format-standard","has-post-thumbnail","hentry","category-seguridad"],"_links":{"self":[{"href":"https:\/\/elmundodelapolitica.com\/v1\/wp-json\/wp\/v2\/posts\/2835","targetHints":{"allow":["GET"]}}],"collection":[{"href":"https:\/\/elmundodelapolitica.com\/v1\/wp-json\/wp\/v2\/posts"}],"about":[{"href":"https:\/\/elmundodelapolitica.com\/v1\/wp-json\/wp\/v2\/types\/post"}],"author":[{"embeddable":true,"href":"https:\/\/elmundodelapolitica.com\/v1\/wp-json\/wp\/v2\/users\/2"}],"replies":[{"embeddable":true,"href":"https:\/\/elmundodelapolitica.com\/v1\/wp-json\/wp\/v2\/comments?post=2835"}],"version-history":[{"count":1,"href":"https:\/\/elmundodelapolitica.com\/v1\/wp-json\/wp\/v2\/posts\/2835\/revisions"}],"predecessor-version":[{"id":2837,"href":"https:\/\/elmundodelapolitica.com\/v1\/wp-json\/wp\/v2\/posts\/2835\/revisions\/2837"}],"wp:featuredmedia":[{"embeddable":true,"href":"https:\/\/elmundodelapolitica.com\/v1\/wp-json\/wp\/v2\/media\/2836"}],"wp:attachment":[{"href":"https:\/\/elmundodelapolitica.com\/v1\/wp-json\/wp\/v2\/media?parent=2835"}],"wp:term":[{"taxonomy":"category","embeddable":true,"href":"https:\/\/elmundodelapolitica.com\/v1\/wp-json\/wp\/v2\/categories?post=2835"},{"taxonomy":"post_tag","embeddable":true,"href":"https:\/\/elmundodelapolitica.com\/v1\/wp-json\/wp\/v2\/tags?post=2835"}],"curies":[{"name":"wp","href":"https:\/\/api.w.org\/{rel}","templated":true}]}}