{"id":2832,"date":"2023-05-03T20:35:28","date_gmt":"2023-05-04T00:35:28","guid":{"rendered":"https:\/\/elmundodelapolitica.com\/v1\/?p=2832"},"modified":"2023-05-03T20:35:30","modified_gmt":"2023-05-04T00:35:30","slug":"senador-pide-al-presidente-abinader-ir-en-auxilio-de-los-reubicados-de-la-presa-de-monte-grande","status":"publish","type":"post","link":"https:\/\/elmundodelapolitica.com\/v1\/senador-pide-al-presidente-abinader-ir-en-auxilio-de-los-reubicados-de-la-presa-de-monte-grande\/","title":{"rendered":"Senador pide al Presidente Abinader ir en auxilio de los reubicados de la presa de Monte Grande"},"content":{"rendered":"\n<p>SANTO DOMINGO: El Senador Jos\u00e9 Del Castillo Savi\u00f1\u00f3n, invit\u00f3 al Presidente Luis Abinader, ver el reportaje sobre la precariedad que viven las 390 familias en el centro poblado de Monte Grande, inaugurado apenas el 19 de febrero, realizado por el Canal CDN 37.<\/p>\n\n\n\n<p>Afirm\u00f3 que el audiovisual recogi\u00f3 la cr\u00edtica situaci\u00f3n de insalubridad que est\u00e1n viviendo esos pobladores, en un proyecto habitacional incompleto.<\/p>\n\n\n\n<p>Vicios en la construcci\u00f3n, sin escuelas ni servicios de salud pero adem\u00e1s no tienen todav\u00eda el proyecto econ\u00f3mico disponible, todav\u00eda, es decir no tienen el asentamiento, refiri\u00f3 el senador de Barahona.<\/p>\n\n\n\n<p>Del Castillo Savi\u00f1\u00f3n, sostuvo que hac\u00eda el llamado en atenci\u00f3n a su deber como senador de la provincia y como representante de parte de estas comunidades, aunque otras caen sobre la demarcaci\u00f3n geogr\u00e1ficas correspondiente a la provincia de azua y algunos a bahoruco.<\/p>\n\n\n\n<p>Entiende que el Presidente Luis Abinader, a quien le agradeci\u00f3 haberlo invitado a la inauguraci\u00f3n de esas viviendas, tiene que ir en auxilio de est\u00e1s familias que apenas son 390.<\/p>\n\n\n\n<p>Calific\u00f3 como v\u00edctimas del desarrollo, as\u00ed como tambi\u00e9n los damnificados del progreso a estas personas que han beneficiado con un proyecto incompleto.<\/p>\n\n\n\n<p>Esta gente que fue desplazada ten\u00edan un asentamiento agr\u00edcola, y hoy en d\u00eda se les traslada a est\u00e1s viviendas sin las condiciones necesarias para que vivan dignamente como merecen\", expres\u00f3 Del Castillo Savi\u00f1\u00f3n.<\/p>\n\n\n\n<p>Se\u00f1al\u00f3 que este Gobierno a 3 a\u00f1os tuvo tiempo suficiente de culminar con la calidad suficiente y con los componentes, pero prefiri\u00f3 hacer entrega sin concluir el proyecto habitacional en todas sus partes.<\/p>\n\n\n\n<p>Demand\u00f3 del Indrhi, del ministerio de obras p\u00fablicas y el ministerio de la presidencia a tomar cartas en el asunto e ir en auxilio de las comunidades de Los G\u00fciros, La Meseta, Monte Grande y San Sim\u00f3n.<\/p>\n\n\n\n<p>Asegur\u00f3 que seg\u00fan el reporte televisivo esas personas est\u00e1n c\u00f3mo el profeta clamando en el desierto, clamando en este caso la insalubridad y como ustedes es un lenguaje muy coloquial que expresaron algunos de los que all\u00ed estuvieron, parece que al Presidente lo han estado enga\u00f1ando.<\/p>\n","protected":false},"excerpt":{"rendered":"<p>SANTO DOMINGO: El Senador Jos\u00e9 Del Castillo Savi\u00f1\u00f3n, invit\u00f3 al Presidente Luis Abinader, ver el reportaje sobre la precariedad que viven las 390 familias en el centro poblado de Monte&hellip; <\/p>\n","protected":false},"author":2,"featured_media":2833,"comment_status":"open","ping_status":"open","sticky":false,"template":"","format":"standard","meta":{"fifu_image_url":"","fifu_image_alt":"","footnotes":""},"categories":[63],"tags":[],"class_list":["post-2832","post","type-post","status-publish","format-standard","has-post-thumbnail","hentry","category-actualidad"],"_links":{"self":[{"href":"https:\/\/elmundodelapolitica.com\/v1\/wp-json\/wp\/v2\/posts\/2832","targetHints":{"allow":["GET"]}}],"collection":[{"href":"https:\/\/elmundodelapolitica.com\/v1\/wp-json\/wp\/v2\/posts"}],"about":[{"href":"https:\/\/elmundodelapolitica.com\/v1\/wp-json\/wp\/v2\/types\/post"}],"author":[{"embeddable":true,"href":"https:\/\/elmundodelapolitica.com\/v1\/wp-json\/wp\/v2\/users\/2"}],"replies":[{"embeddable":true,"href":"https:\/\/elmundodelapolitica.com\/v1\/wp-json\/wp\/v2\/comments?post=2832"}],"version-history":[{"count":1,"href":"https:\/\/elmundodelapolitica.com\/v1\/wp-json\/wp\/v2\/posts\/2832\/revisions"}],"predecessor-version":[{"id":2834,"href":"https:\/\/elmundodelapolitica.com\/v1\/wp-json\/wp\/v2\/posts\/2832\/revisions\/2834"}],"wp:featuredmedia":[{"embeddable":true,"href":"https:\/\/elmundodelapolitica.com\/v1\/wp-json\/wp\/v2\/media\/2833"}],"wp:attachment":[{"href":"https:\/\/elmundodelapolitica.com\/v1\/wp-json\/wp\/v2\/media?parent=2832"}],"wp:term":[{"taxonomy":"category","embeddable":true,"href":"https:\/\/elmundodelapolitica.com\/v1\/wp-json\/wp\/v2\/categories?post=2832"},{"taxonomy":"post_tag","embeddable":true,"href":"https:\/\/elmundodelapolitica.com\/v1\/wp-json\/wp\/v2\/tags?post=2832"}],"curies":[{"name":"wp","href":"https:\/\/api.w.org\/{rel}","templated":true}]}}