{"id":2829,"date":"2023-05-03T07:35:52","date_gmt":"2023-05-03T11:35:52","guid":{"rendered":"https:\/\/elmundodelapolitica.com\/v1\/?p=2829"},"modified":"2023-05-03T07:35:52","modified_gmt":"2023-05-03T11:35:52","slug":"ministerio-trabajo-distingue-al-popular-por-buenas-practicas-seguridad-ocupacional","status":"publish","type":"post","link":"https:\/\/elmundodelapolitica.com\/v1\/ministerio-trabajo-distingue-al-popular-por-buenas-practicas-seguridad-ocupacional\/","title":{"rendered":"Ministerio Trabajo distingue al Popular por buenas pr\u00e1cticas seguridad ocupacional"},"content":{"rendered":"<div>\n<p>El Ministerio de Trabajo recertific\u00f3 varias filiales del Grupo Popular<\/p>\n<p>Santo Domingo, D.N. \u2013 En el contexto del D\u00eda Mundial de la Seguridad y Salud en el Trabajo, el Banco Popular Dominicano fue distinguido por el Ministerio de Trabajo por su trayectoria y sus buenas pr\u00e1cticas en materia de seguridad ocupacional en el lugar de trabajo, siendo el primer banco en haberse certificado en 2014 y sirviendo como referente para que otras empresas del pa\u00eds tambi\u00e9n se certifiquen.<\/p>\n<p>La placa de este reconocimiento especial fue entregada por el ministro de Trabajo, el se\u00f1or Luis Miguel de Camps, a los se\u00f1ores Mar\u00eda Povedano, vicepresidenta ejecutiva de Gesti\u00f3n Humana, Transformaci\u00f3n Cultural y Sistemas y Procesos, y Miguel \u00c1ngel Rodr\u00edguez, vicepresidente ejecutivo de Operaciones, quienes agradecieron el premio y explicaron que la organizaci\u00f3n financiera continuar\u00e1 implementando las mejores pr\u00e1cticas de salud y seguridad ocupacional, en beneficio de sus colaboradores, clientes y proveedores.<\/p>\n<p>Adem\u00e1s, el Ministerio de Trabajo revalid\u00f3 la certificaci\u00f3n de Seguridad y Salud en el Trabajo en todas sus instalaciones al Banco Popular y a otras filiales de la casa matriz, Grupo Popular, como son AFP Popular, Servicios Digitales Popular, Inversiones Popular, AFI Popular, Fiduciaria Popular, Infocentro y La Confianza, en cumplimiento del Reglamento 522-06.<\/p>\n<p>Estas recertificaciones, que tienen una duraci\u00f3n de tres a\u00f1os, acreditan que las empresas del Grupo Popular cumplen con las normativas nacionales sobre seguridad y salud en el entorno laboral en el mercado dominicano.<\/p>\n<p>Pionero en seguridad y salud en el trabajo<\/p>\n<p>El Banco Popular fue el primer banco del sistema financiero nacional que se certific\u00f3 en las normas nacionales de salud y seguridad laborales, demostrando que cuenta con un robusto programa en esta materia para prevenir enfermedades, lesiones y da\u00f1os materiales, reducir los riesgos y mejorar la calidad y productividad de los empleados, clientes, contratistas y visitantes dentro de sus instalaciones.<\/p>\n<p>Como parte de dicha iniciativa, la entidad bancaria cuenta con un Comit\u00e9 Mixto de Seguridad y Salud en el Trabajo, conformado por representantes de la empresa y los trabajadores, que vela por la implementaci\u00f3n del programa e informa al Ministerio de Trabajo sobre las medidas preventivas que se van adoptando para mitigar, entre otros, los riesgos naturales, tecnol\u00f3gicos y sociales, as\u00ed como los accidentes laborales y enfermedades ocupacionales, que puede registrar la instituci\u00f3n.<\/p>\n<p>En el \u00e1mbito de la prevenci\u00f3n el Popular despliega distintas acciones a nivel nacional como el reclutamiento y entrenamiento de empleados como brigadistas de emergencia y coordinadores de salud y seguridad, campa\u00f1as informativas de comunicaci\u00f3n sobre seguridad al personal, ejecuci\u00f3n de simulacros de emergencia, se\u00f1alizaci\u00f3n de rutas de evacuaci\u00f3n y puntos de reuni\u00f3n seguros, y la inspecci\u00f3n mensual de las condiciones en las \u00e1reas de trabajo.<\/p>\n<\/div>\n","protected":false},"excerpt":{"rendered":"<p>El Ministerio de Trabajo recertific\u00f3 varias filiales del Grupo Popular Santo Domingo, D.N. \u2013 En el contexto del D\u00eda Mundial de la Seguridad y Salud en el Trabajo, el Banco&hellip; <\/p>\n","protected":false},"author":2,"featured_media":0,"comment_status":"closed","ping_status":"closed","sticky":false,"template":"","format":"standard","meta":{"fifu_image_url":"","fifu_image_alt":"","footnotes":""},"categories":[63],"tags":[],"class_list":["post-2829","post","type-post","status-publish","format-standard","hentry","category-actualidad"],"_links":{"self":[{"href":"https:\/\/elmundodelapolitica.com\/v1\/wp-json\/wp\/v2\/posts\/2829","targetHints":{"allow":["GET"]}}],"collection":[{"href":"https:\/\/elmundodelapolitica.com\/v1\/wp-json\/wp\/v2\/posts"}],"about":[{"href":"https:\/\/elmundodelapolitica.com\/v1\/wp-json\/wp\/v2\/types\/post"}],"author":[{"embeddable":true,"href":"https:\/\/elmundodelapolitica.com\/v1\/wp-json\/wp\/v2\/users\/2"}],"replies":[{"embeddable":true,"href":"https:\/\/elmundodelapolitica.com\/v1\/wp-json\/wp\/v2\/comments?post=2829"}],"version-history":[{"count":0,"href":"https:\/\/elmundodelapolitica.com\/v1\/wp-json\/wp\/v2\/posts\/2829\/revisions"}],"wp:attachment":[{"href":"https:\/\/elmundodelapolitica.com\/v1\/wp-json\/wp\/v2\/media?parent=2829"}],"wp:term":[{"taxonomy":"category","embeddable":true,"href":"https:\/\/elmundodelapolitica.com\/v1\/wp-json\/wp\/v2\/categories?post=2829"},{"taxonomy":"post_tag","embeddable":true,"href":"https:\/\/elmundodelapolitica.com\/v1\/wp-json\/wp\/v2\/tags?post=2829"}],"curies":[{"name":"wp","href":"https:\/\/api.w.org\/{rel}","templated":true}]}}