{"id":2811,"date":"2023-05-02T09:29:52","date_gmt":"2023-05-02T13:29:52","guid":{"rendered":"https:\/\/elmundodelapolitica.com\/v1\/?p=2811"},"modified":"2023-05-02T09:29:52","modified_gmt":"2023-05-02T13:29:52","slug":"planta-fotovoltaica-calabaza-i-aportara-mas-de-106-mil-mwh-de-energia-limpia-a-rd","status":"publish","type":"post","link":"https:\/\/elmundodelapolitica.com\/v1\/planta-fotovoltaica-calabaza-i-aportara-mas-de-106-mil-mwh-de-energia-limpia-a-rd\/","title":{"rendered":"Planta Fotovoltaica Calabaza I aportar\u00e1 m\u00e1s de 106 mil MWh de energ\u00eda limpia a RD"},"content":{"rendered":"<div>\n<p>Santo Domingo.-<em>\u00a0\u201cLa Rep\u00fablica Dominicana avanza con pasos firmes hacia el desarrollo sostenible de las energ\u00edas renovables\u201d<\/em>, as\u00ed lo afirm\u00f3 el director ejecutivo de la Comisi\u00f3n Nacional de Energ\u00eda\u00a0<strong>(CNE)<\/strong>,\u00a0<strong>Edward Veras<\/strong>, al encabezar la comitiva que visit\u00f3 el\u00a0<strong>Parque Solar Fotovoltaico Calabaza I<\/strong>, para conocer los avances del proyecto, ubicado en Calabaza, Gale\u00f3n, provincia Peravia, y que es desarrollado por la\u00a0<strong>empresa multinacional ACCIONA<\/strong>.<\/p>\n<p>Durante el recorrido o, los representantes de ACCIONA indicaron que Calabaza I generar\u00e1 anualmente\u00a0<strong>106,877 MWh<\/strong>, energ\u00eda suficiente para satisfacer la demanda de\u00a0<strong>54,000 hogares<\/strong>. Tambi\u00e9n explicaron que gracias a esta central se\u00a0<strong>evitar\u00e1 la emisi\u00f3n de 81,000 toneladas de CO2<\/strong>, adem\u00e1s de que representa el\u00a0<strong>ahorro de 160,000 barriles de petr\u00f3leo<\/strong>\u00a0en importaci\u00f3n anual.<\/p>\n<p>Calabaza I ha generado empleos directos e indirectos a un aproximado de 207 personas, lo que conforma el\u00a0<strong>43 % de la comunidad de Gale\u00f3n<\/strong>, que tiene una poblaci\u00f3n inferior a los mil habitantes. Tambi\u00e9n, durante su desarrollo se ha manifestado la integraci\u00f3n de g\u00e9nero, ya que se\u00a0<strong>han contratado mujeres en puestos especializados y de servicios generales.<\/strong><\/p>\n<p><strong>Un proyecto de alto valor social para la comunidad<\/strong><\/p>\n<p>Calabaza I trae al pa\u00eds\u00a0<strong>iniciativas sociales para el beneficio de la zona<\/strong>, tales como: Jornada de Salud de Prevenci\u00f3n y Control de Diabetes e Hipertensi\u00f3n, Campa\u00f1a contra el Dengue, ACCIONA Educaci\u00f3n, Seguridad Vial Comunitaria, Donaci\u00f3n de Madera y Voluntariado Dona un Juguete. A trav\u00e9s de estas iniciativas se ha mejorado la calidad de vida de\u00a0<strong>7,180 personas, de las comunidades Calabaza, Gale\u00f3n, Angostura y Las Tablas.<\/strong><\/p>\n<p>Tras culminar la visita, Edward Veras destac\u00f3 el trato dado por los ejecutivos del proyecto Calabaza I al equipo de la CNE y resalt\u00f3 el compromiso del gobierno del presidente Luis Abinader de continuar con el trabajo en favor del\u00a0<strong>desarrollo sostenible del Sistema El\u00e9ctrico Nacional.<\/strong><\/p>\n<\/div>\n","protected":false},"excerpt":{"rendered":"<p>Santo Domingo.-\u00a0\u201cLa Rep\u00fablica Dominicana avanza con pasos firmes hacia el desarrollo sostenible de las energ\u00edas renovables\u201d, as\u00ed lo afirm\u00f3 el director ejecutivo de la Comisi\u00f3n Nacional de Energ\u00eda\u00a0(CNE),\u00a0Edward Veras, al&hellip; <\/p>\n","protected":false},"author":2,"featured_media":0,"comment_status":"closed","ping_status":"closed","sticky":false,"template":"","format":"standard","meta":{"fifu_image_url":"","fifu_image_alt":"","footnotes":""},"categories":[63],"tags":[],"class_list":["post-2811","post","type-post","status-publish","format-standard","hentry","category-actualidad"],"_links":{"self":[{"href":"https:\/\/elmundodelapolitica.com\/v1\/wp-json\/wp\/v2\/posts\/2811","targetHints":{"allow":["GET"]}}],"collection":[{"href":"https:\/\/elmundodelapolitica.com\/v1\/wp-json\/wp\/v2\/posts"}],"about":[{"href":"https:\/\/elmundodelapolitica.com\/v1\/wp-json\/wp\/v2\/types\/post"}],"author":[{"embeddable":true,"href":"https:\/\/elmundodelapolitica.com\/v1\/wp-json\/wp\/v2\/users\/2"}],"replies":[{"embeddable":true,"href":"https:\/\/elmundodelapolitica.com\/v1\/wp-json\/wp\/v2\/comments?post=2811"}],"version-history":[{"count":0,"href":"https:\/\/elmundodelapolitica.com\/v1\/wp-json\/wp\/v2\/posts\/2811\/revisions"}],"wp:attachment":[{"href":"https:\/\/elmundodelapolitica.com\/v1\/wp-json\/wp\/v2\/media?parent=2811"}],"wp:term":[{"taxonomy":"category","embeddable":true,"href":"https:\/\/elmundodelapolitica.com\/v1\/wp-json\/wp\/v2\/categories?post=2811"},{"taxonomy":"post_tag","embeddable":true,"href":"https:\/\/elmundodelapolitica.com\/v1\/wp-json\/wp\/v2\/tags?post=2811"}],"curies":[{"name":"wp","href":"https:\/\/api.w.org\/{rel}","templated":true}]}}