{"id":2798,"date":"2023-05-01T11:32:20","date_gmt":"2023-05-01T15:32:20","guid":{"rendered":"https:\/\/elmundodelapolitica.com\/v1\/?p=2798"},"modified":"2023-05-01T11:32:20","modified_gmt":"2023-05-01T15:32:20","slug":"infotep-anuncia-ampliacion-del-programa-de-formacion-dual-para-el-sector-turistico","status":"publish","type":"post","link":"https:\/\/elmundodelapolitica.com\/v1\/infotep-anuncia-ampliacion-del-programa-de-formacion-dual-para-el-sector-turistico\/","title":{"rendered":"INFOTEP anuncia ampliaci\u00f3n del Programa de Formaci\u00f3n Dual para el sector tur\u00edstico"},"content":{"rendered":"<div>\n<p>Santo Domingo. \u2013 El director general del Instituto Nacional de Formaci\u00f3n T\u00e9cnico Profesional\u00a0<strong>(INFOTEP), Rafael Santos Bad\u00eda<\/strong>, anunci\u00f3 la ampliaci\u00f3n del\u00a0<strong>Programa de Formaci\u00f3n Dual para el sector tur\u00edstico,<\/strong>\u00a0al participar en un encuentro-almuerzo con la Junta Directiva de la Asociaci\u00f3n de Hoteles y Turismo de la Rep\u00fablica Dominicana\u00a0<strong>(ASONAHORES)<\/strong>, en el marco de la\u00a0<strong>vig\u00e9sima tercera feria Dominican Annual Tourism Exchange (DATE).<\/strong><\/p>\n<div class=\"wp-block-image\">\n<figure class=\"aligncenter size-large\"><img data-attachment-id=\"27650\" data-permalink=\"https:\/\/elmundodelosnegocios.com.do\/v1\/index.php\/2023\/05\/01\/infotep-anuncia-ampliacion-del-programa-de-formacion-dual-para-el-sector-turistico\/cc-1\/\" data-orig-file=\"https:\/\/i0.wp.com\/elmundodelosnegocios.com.do\/v1\/wp-content\/uploads\/2023\/05\/CC-1.jpg?fit=1300%2C731&amp;ssl=1\" data-orig-size=\"1300,731\" data-comments-opened=\"0\" data-image-meta='{\"aperture\":\"0\",\"credit\":\"\",\"camera\":\"\",\"caption\":\"\",\"created_timestamp\":\"0\",\"copyright\":\"\",\"focal_length\":\"0\",\"iso\":\"0\",\"shutter_speed\":\"0\",\"title\":\"\",\"orientation\":\"0\"}' data-image-title=\"CC-1\" data-image-description=\"\" data-image-caption=\"\" data-medium-file=\"https:\/\/i0.wp.com\/elmundodelosnegocios.com.do\/v1\/wp-content\/uploads\/2023\/05\/CC-1.jpg?fit=300%2C169&amp;ssl=1\" data-large-file=\"https:\/\/i0.wp.com\/elmundodelosnegocios.com.do\/v1\/wp-content\/uploads\/2023\/05\/CC-1.jpg?fit=1024%2C576&amp;ssl=1\" decoding=\"async\" loading=\"lazy\" width=\"1024\" height=\"576\" src=\"https:\/\/i0.wp.com\/elmundodelosnegocios.com.do\/v1\/wp-content\/uploads\/2023\/05\/CC-1-1024x576.jpg?resize=1024,576&amp;ssl=1\" alt=\"\" class=\"wp-image-27650\" srcset=\"https:\/\/i0.wp.com\/elmundodelosnegocios.com.do\/v1\/wp-content\/uploads\/2023\/05\/CC-1.jpg?resize=1024%2C576&amp;ssl=1 1024w, https:\/\/i0.wp.com\/elmundodelosnegocios.com.do\/v1\/wp-content\/uploads\/2023\/05\/CC-1.jpg?resize=300%2C169&amp;ssl=1 300w, https:\/\/i0.wp.com\/elmundodelosnegocios.com.do\/v1\/wp-content\/uploads\/2023\/05\/CC-1.jpg?resize=768%2C432&amp;ssl=1 768w, https:\/\/i0.wp.com\/elmundodelosnegocios.com.do\/v1\/wp-content\/uploads\/2023\/05\/CC-1.jpg?w=1300&amp;ssl=1 1300w\" sizes=\"auto, (max-width: 1024px) 100vw, 1024px\" data-recalc-dims=\"1\"><\/figure>\n<\/div>\n<p>Santos Bad\u00eda valor\u00f3 las declaraciones del\u00a0<strong>vicepresidente ejecutivo de ASONAHOARES, Andr\u00e9s Marranzini<\/strong>, quien expres\u00f3 que esa entidad est\u00e1 comprometida con el desarrollo del Programa Dual en los hoteles.<\/p>\n<p>La meta del INFOTEP con el Programa de Formaci\u00f3n Dual es\u00a0<strong>elevar a 20,000 el n\u00famero de j\u00f3venes aprendices<\/strong>\u00a0para los pr\u00f3ximos a\u00f1os en todo el pa\u00eds, seg\u00fan ha manifestado el director de la instituci\u00f3n.<\/p>\n<p>Durante la reuni\u00f3n-almuerzo, el director general del INFOTEP, Rafael Santos Bad\u00eda, present\u00f3 los proyectos de formaci\u00f3n que implementa la instituci\u00f3n\u00a0<strong>en apoyo al sector tur\u00edstico del pa\u00eds.<\/strong><\/p>\n<p>En el encuentro, que cont\u00f3 con la presencia del\u00a0<strong>ministro de Turismo, David Collado<\/strong>,<strong>\u00a0y el presidente de ASONAHORES, David Llibre<\/strong>, as\u00ed como invitados internacionales, Santos Bad\u00eda present\u00f3 tambi\u00e9n los novedosos programas de capacitaci\u00f3n,\u00a0<strong>dise\u00f1ados acorde a la demanda de los sectores vinculados a la industria.<\/strong><\/p>\n<p>Entre las capacitaciones dirigidas al sector tur\u00edstico, Santos Bad\u00eda cit\u00f3 bar y restaurante, alojamiento, recepci\u00f3n hotelera, gastronom\u00eda, refrigeraci\u00f3n industrial, mec\u00e1nica industrial, mantenimiento de planta f\u00edsica, electricidad e idiomas.<\/p>\n<p>Adem\u00e1s, puso a disposici\u00f3n del sector hotelero los\u00a0<strong>nuevos centros de formaci\u00f3n<\/strong>\u00a0con los que cuenta el INFOTEP, con el prop\u00f3sito de mejorar las habilidades t\u00e9cnicas del capital humano.<\/p>\n<p><em>\u00abLa estrategia es formar personas que viven cerca de los negocios para bajar costos para las empresas y aumentar la calidad del servicio, a trav\u00e9s de acciones de formaci\u00f3n espec\u00edficas del \u00e1rea hotelera\u00bb<\/em>, indic\u00f3 Santos Bad\u00eda.<\/p>\n<p>En su ponencia describi\u00f3\u00a0<strong>el turismo como un eje transversal del desarrollo<\/strong>\u00a0en la Rep\u00fablica Dominicana, que requiere\u00a0<strong>personal calificado<\/strong>.<\/p>\n<p>Agreg\u00f3 que, para responder a las demandas del sector,\u00a0<em>\u201cel INFOTEP trabaja en la construcci\u00f3n de modernos centros, entre los que podemos citar La Ciudad del Saber en Punta Cana, as\u00ed como la habilitaci\u00f3n de una Escuela de Hoteler\u00eda y Turismo, en la provincia Hermanas Mirabal, y del Hotel Villa Suiza, en Sabana de la Mar\u201d.<\/em><\/p>\n<p>Otra instalaci\u00f3n que servir\u00e1 para formar el talento humano de la industria tur\u00edstica nacional es el\u00a0<strong>Hotel Guarocuya,<\/strong>\u00a0cuyo acondicionamiento est\u00e1 en proceso.<\/p>\n<p><em>\u00abEl turismo, la creatividad y la econom\u00eda naranja son el mejor negocio\u00bb<\/em>, asegur\u00f3 el director general de INFOTEP, antes de finalizar su ponencia.<\/p>\n<p>Con esta participaci\u00f3n, INFOTEP reafirma su apoyo al fortalecimiento del sector turismo, ofreciendo capacitaci\u00f3n a trav\u00e9s de sus diferentes Direcciones Regionales, con el objetivo de que\u00a0<strong>el mercado cuente con colaboradores que puedan brindar servicios de calidad.<\/strong><\/p>\n<p><strong>Recorrido por Feria \u00abDominican Annual Tourism Exchange\u00bb<\/strong><\/p>\n<p>Luego del encuentro, el director general del INFOTEP realiz\u00f3 un recorrido en compa\u00f1\u00eda del presidente de ASONAHORES, David Llibre, por la feria de turismo, desarrollada en el centro de convenciones del Hotel Barcel\u00f3.<\/p>\n<p>Al visitar los diferentes pabellones con artes que exhiben\u00a0<strong>materiales ecol\u00f3gicos<\/strong>, enalteciendo las\u00a0<strong>industrias culturales y creativas<\/strong>, Santos Bad\u00eda promociona al INFOTEP como una de las v\u00edas de capacitaci\u00f3n y certificaci\u00f3n de conocimientos m\u00e1s importantes del pa\u00eds.<\/p>\n<p>INFOTEP contin\u00faa unificando esfuerzos en\u00a0<strong>apoyo a la mejora de las actividades tur\u00edsticas del pa\u00eds<\/strong>, eje principal de la econom\u00eda dominicana.<\/p>\n<\/div>\n","protected":false},"excerpt":{"rendered":"<p>Santo Domingo. \u2013 El director general del Instituto Nacional de Formaci\u00f3n T\u00e9cnico Profesional\u00a0(INFOTEP), Rafael Santos Bad\u00eda, anunci\u00f3 la ampliaci\u00f3n del\u00a0Programa de Formaci\u00f3n Dual para el sector tur\u00edstico,\u00a0al participar en un&hellip; <\/p>\n","protected":false},"author":2,"featured_media":2799,"comment_status":"closed","ping_status":"closed","sticky":false,"template":"","format":"standard","meta":{"fifu_image_url":"https:\/\/i0.wp.com\/elmundodelosnegocios.com.do\/v1\/wp-content\/uploads\/2023\/05\/CC-1-1024x576.jpg?resize=1024,576&ssl=1","fifu_image_alt":"INFOTEP anuncia ampliaci\u00f3n del Programa de Formaci\u00f3n Dual para el sector tur\u00edstico","footnotes":""},"categories":[63],"tags":[],"class_list":["post-2798","post","type-post","status-publish","format-standard","has-post-thumbnail","hentry","category-actualidad"],"_links":{"self":[{"href":"https:\/\/elmundodelapolitica.com\/v1\/wp-json\/wp\/v2\/posts\/2798","targetHints":{"allow":["GET"]}}],"collection":[{"href":"https:\/\/elmundodelapolitica.com\/v1\/wp-json\/wp\/v2\/posts"}],"about":[{"href":"https:\/\/elmundodelapolitica.com\/v1\/wp-json\/wp\/v2\/types\/post"}],"author":[{"embeddable":true,"href":"https:\/\/elmundodelapolitica.com\/v1\/wp-json\/wp\/v2\/users\/2"}],"replies":[{"embeddable":true,"href":"https:\/\/elmundodelapolitica.com\/v1\/wp-json\/wp\/v2\/comments?post=2798"}],"version-history":[{"count":0,"href":"https:\/\/elmundodelapolitica.com\/v1\/wp-json\/wp\/v2\/posts\/2798\/revisions"}],"wp:featuredmedia":[{"embeddable":true,"href":"https:\/\/elmundodelapolitica.com\/v1\/wp-json\/wp\/v2\/media\/2799"}],"wp:attachment":[{"href":"https:\/\/elmundodelapolitica.com\/v1\/wp-json\/wp\/v2\/media?parent=2798"}],"wp:term":[{"taxonomy":"category","embeddable":true,"href":"https:\/\/elmundodelapolitica.com\/v1\/wp-json\/wp\/v2\/categories?post=2798"},{"taxonomy":"post_tag","embeddable":true,"href":"https:\/\/elmundodelapolitica.com\/v1\/wp-json\/wp\/v2\/tags?post=2798"}],"curies":[{"name":"wp","href":"https:\/\/api.w.org\/{rel}","templated":true}]}}