{"id":2797,"date":"2023-05-01T11:30:05","date_gmt":"2023-05-01T15:30:05","guid":{"rendered":"https:\/\/elmundodelapolitica.com\/v1\/?p=2797"},"modified":"2023-05-01T11:30:05","modified_gmt":"2023-05-01T15:30:05","slug":"republica-dominicana-presenta-avances-en-energia-renovables-en-el-15th-caribbean-renewables-energy-forum","status":"publish","type":"post","link":"https:\/\/elmundodelapolitica.com\/v1\/republica-dominicana-presenta-avances-en-energia-renovables-en-el-15th-caribbean-renewables-energy-forum\/","title":{"rendered":"Rep\u00fablica Dominicana presenta avances en energ\u00eda renovables en el 15th Caribbean Renewables Energy Forum"},"content":{"rendered":"<div>\n<p>Santo Domingo. \u2013 La delegaci\u00f3n dominicana present\u00f3 ante el\u00a0<strong>15th Caribbean Renewable Energy Forum,\u00a0<\/strong>los avances del pa\u00eds en materia de integraci\u00f3n de\u00a0<strong>energ\u00eda renovables<\/strong>.<\/p>\n<p>Este evento se realiza cada a\u00f1o en la ciudad de Miami y en el mismo se presentan los\u00a0<strong>avances regionales en aspectos regulatorios<\/strong>\u00a0para la integraci\u00f3n de renovables, componentes de los distintos mercados en renovables y la resiliencia de los estados insulares a la transici\u00f3n energ\u00e9tica, cooperaci\u00f3n internacional, entre otros aspectos.<\/p>\n<p>En el panel se puntualizaron\u00a0<strong>los objetivos del pa\u00eds\u00a0<\/strong>en materia de integraci\u00f3n de renovables como\u00a0<strong>mandato de la estrategia nacional de desarrollo y acuerdos internacionales<\/strong>. Por igual, se expuso la visi\u00f3n plasmada en el\u00a0<strong>Plan Energ\u00e9tico Nacional (PEN)<\/strong>\u00a0sobre la expansi\u00f3n de la generaci\u00f3n el\u00e9ctrica con base en gas natural.<\/p>\n<p>Por igual, la ronda analiz\u00f3 las expectativas de los\u00a0<strong>precios de contrataci\u00f3n<\/strong>\u00a0de energ\u00eda renovables y la nueva normativa con el\u00a0<strong>Decreto 65-23<\/strong>, as\u00ed como la declaraci\u00f3n de necesidad de\u00a0<strong>almacenamiento<\/strong>\u00a0publicada por la CNE en el mes de febrero.<\/p>\n<p>Durante los d\u00edas 26, 27 y 28 de abril, delegaciones de diferentes estados del Caribe, comparan y debaten sobre las\u00a0<strong>oportunidades y retos<\/strong>\u00a0que presentan los mercados de renovables y\u00a0<strong>los compromisos asumidos sobre cambio clim\u00e1tico<\/strong>.<\/p>\n<p>Cabe destacar la participaci\u00f3n de Puerto Rico, cuya situaci\u00f3n es muy parecida a la de la Rep\u00fablica Dominicana, Su representaci\u00f3n expuso, por igual, los avances en\u00a0<strong>integraci\u00f3n de renovables con almacenamiento y el modelo de arbitraje en larga duraci\u00f3n.<\/strong><\/p>\n<p>La delegaci\u00f3n dominicana estuvo compuesta por Andr\u00e9s Astacio, superintendente de Electricidad; Edward Veras, director Ejecutivo de la Comisi\u00f3n Nacional de Energ\u00eda (CNE); Roberto Herrera, Country Manager Interenergy; Ricardo Est\u00e9vez gerente de Desarrollo EGEHAINA, y Carolina Silie de Headrick, quien fungi\u00f3 como moderadora.<\/p>\n<\/div>\n","protected":false},"excerpt":{"rendered":"<p>Santo Domingo. \u2013 La delegaci\u00f3n dominicana present\u00f3 ante el\u00a015th Caribbean Renewable Energy Forum,\u00a0los avances del pa\u00eds en materia de integraci\u00f3n de\u00a0energ\u00eda renovables. Este evento se realiza cada a\u00f1o en la&hellip; <\/p>\n","protected":false},"author":2,"featured_media":0,"comment_status":"closed","ping_status":"closed","sticky":false,"template":"","format":"standard","meta":{"fifu_image_url":"","fifu_image_alt":"","footnotes":""},"categories":[63],"tags":[],"class_list":["post-2797","post","type-post","status-publish","format-standard","hentry","category-actualidad"],"_links":{"self":[{"href":"https:\/\/elmundodelapolitica.com\/v1\/wp-json\/wp\/v2\/posts\/2797","targetHints":{"allow":["GET"]}}],"collection":[{"href":"https:\/\/elmundodelapolitica.com\/v1\/wp-json\/wp\/v2\/posts"}],"about":[{"href":"https:\/\/elmundodelapolitica.com\/v1\/wp-json\/wp\/v2\/types\/post"}],"author":[{"embeddable":true,"href":"https:\/\/elmundodelapolitica.com\/v1\/wp-json\/wp\/v2\/users\/2"}],"replies":[{"embeddable":true,"href":"https:\/\/elmundodelapolitica.com\/v1\/wp-json\/wp\/v2\/comments?post=2797"}],"version-history":[{"count":0,"href":"https:\/\/elmundodelapolitica.com\/v1\/wp-json\/wp\/v2\/posts\/2797\/revisions"}],"wp:attachment":[{"href":"https:\/\/elmundodelapolitica.com\/v1\/wp-json\/wp\/v2\/media?parent=2797"}],"wp:term":[{"taxonomy":"category","embeddable":true,"href":"https:\/\/elmundodelapolitica.com\/v1\/wp-json\/wp\/v2\/categories?post=2797"},{"taxonomy":"post_tag","embeddable":true,"href":"https:\/\/elmundodelapolitica.com\/v1\/wp-json\/wp\/v2\/tags?post=2797"}],"curies":[{"name":"wp","href":"https:\/\/api.w.org\/{rel}","templated":true}]}}