{"id":2794,"date":"2023-04-30T12:40:42","date_gmt":"2023-04-30T16:40:42","guid":{"rendered":"https:\/\/elmundodelapolitica.com\/v1\/?p=2794"},"modified":"2023-04-30T12:40:42","modified_gmt":"2023-04-30T16:40:42","slug":"presentan-ventajas-de-los-sistemas-de-gestion-de-calidad-para-las-empresas","status":"publish","type":"post","link":"https:\/\/elmundodelapolitica.com\/v1\/presentan-ventajas-de-los-sistemas-de-gestion-de-calidad-para-las-empresas\/","title":{"rendered":"Presentan ventajas de los sistemas de gesti\u00f3n de calidad para las empresas"},"content":{"rendered":"<div>\n<p>Santiago de los Caballeros. \u2013 Como parte del acuerdo interinstitucional firmado por la C\u00e1mara de Comercio y Producci\u00f3n de Santiago y el Instituto Dominicano para la Calidad, INDOCAL, fue realizado el panel \u201cSistemas de Gesti\u00f3n de Calidad para empresas: retos y oportunidades\u201d, con el objetivo de dar a conocer la importancia de cumplir con los est\u00e1ndares y requisitos establecidos para mejorar la calidad y eficiencia en las organizaciones.<\/p>\n<figure class=\"wp-block-image size-full\"><img loading=\"lazy\" data-attachment-id=\"27642\" data-permalink=\"https:\/\/elmundodelosnegocios.com.do\/v1\/index.php\/2023\/04\/30\/presentan-ventajas-de-los-sistemas-de-gestion-de-calidad-para-las-empresas\/2-1-14\/\" data-orig-file=\"https:\/\/i0.wp.com\/elmundodelosnegocios.com.do\/v1\/wp-content\/uploads\/2023\/04\/2-1-1.jpg?fit=1000%2C667&amp;ssl=1\" data-orig-size=\"1000,667\" data-comments-opened=\"0\" data-image-meta='{\"aperture\":\"4\",\"credit\":\"\",\"camera\":\"ILCE-7M3\",\"caption\":\"\",\"created_timestamp\":\"1682560054\",\"copyright\":\"\",\"focal_length\":\"28\",\"iso\":\"1250\",\"shutter_speed\":\"0.008\",\"title\":\"\",\"orientation\":\"0\"}' data-image-title=\"2 (1)\" data-image-description=\"&lt;p&gt;De izquierda a derecha: Nieves Sosa, directora FOREM; Oscar Calder\u00f3n, director acad\u00e9mico de MBA BARNA; Jhoan Regalado, encargado de Certificaci\u00f3n de Sistemas; Randy D\u00edaz, subdirector INDOCAL Regional Norte; Lorenzo Ram\u00edrez, director INDOCAL; Carlos Iglesias, presidente CCPS; Bernardo Vidal, asesor de la Direcci\u00f3n de Normalizaci\u00f3n; Stephanie Morel, Coordinadora Despacho Director INDOCAL y Fernando Puig, vicepresidente ejecutivo CCPS.&lt;\/p&gt;\n\" data-image-caption=\"&lt;p&gt;De izquierda a derecha: Nieves Sosa, directora FOREM; Oscar Calder\u00f3n, director acad\u00e9mico de MBA BARNA; Jhoan Regalado, encargado de Certificaci\u00f3n de Sistemas; Randy D\u00edaz, subdirector INDOCAL Regional Norte; Lorenzo Ram\u00edrez, director INDOCAL; Carlos Iglesias, presidente CCPS; Bernardo Vidal, asesor de la Direcci\u00f3n de Normalizaci\u00f3n; Stephanie Morel, Coordinadora Despacho Director INDOCAL y Fernando Puig, vicepresidente ejecutivo CCPS.&lt;\/p&gt;\n\" data-medium-file=\"https:\/\/i0.wp.com\/elmundodelosnegocios.com.do\/v1\/wp-content\/uploads\/2023\/04\/2-1-1.jpg?fit=300%2C200&amp;ssl=1\" data-large-file=\"https:\/\/i0.wp.com\/elmundodelosnegocios.com.do\/v1\/wp-content\/uploads\/2023\/04\/2-1-1.jpg?fit=1000%2C667&amp;ssl=1\" decoding=\"async\" width=\"1000\" height=\"667\" src=\"https:\/\/i0.wp.com\/elmundodelosnegocios.com.do\/v1\/wp-content\/uploads\/2023\/04\/2-1-1.jpg?resize=1000,667\" alt=\"De izquierda a derecha: Nieves Sosa, directora FOREM; Oscar Calder\u00f3n, director acad\u00e9mico de MBA BARNA; Jhoan Regalado, encargado de Certificaci\u00f3n de Sistemas; Randy D\u00edaz, subdirector INDOCAL Regional Norte; Lorenzo Ram\u00edrez, director INDOCAL; Carlos Iglesias, presidente CCPS; Bernardo Vidal, asesor de la Direcci\u00f3n de Normalizaci\u00f3n; Stephanie Morel, Coordinadora Despacho Director INDOCAL y Fernando Puig, vicepresidente ejecutivo CCPS.\" class=\"wp-image-27642\" srcset=\"https:\/\/i0.wp.com\/elmundodelosnegocios.com.do\/v1\/wp-content\/uploads\/2023\/04\/2-1-1.jpg?w=1000&amp;ssl=1 1000w, https:\/\/i0.wp.com\/elmundodelosnegocios.com.do\/v1\/wp-content\/uploads\/2023\/04\/2-1-1.jpg?resize=300%2C200&amp;ssl=1 300w, https:\/\/i0.wp.com\/elmundodelosnegocios.com.do\/v1\/wp-content\/uploads\/2023\/04\/2-1-1.jpg?resize=768%2C512&amp;ssl=1 768w\" sizes=\"auto, (max-width: 1000px) 100vw, 1000px\" data-recalc-dims=\"1\"><figcaption class=\"wp-element-caption\">De izquierda a derecha: Nieves Sosa, directora FOREM; Oscar Calder\u00f3n, director acad\u00e9mico de MBA BARNA; Jhoan Regalado, encargado de Certificaci\u00f3n de Sistemas; Randy D\u00edaz, subdirector INDOCAL Regional Norte; Lorenzo Ram\u00edrez, director INDOCAL; Carlos Iglesias, presidente CCPS; Bernardo Vidal, asesor de la Direcci\u00f3n de Normalizaci\u00f3n; Stephanie Morel, Coordinadora Despacho Director INDOCAL y Fernando Puig, vicepresidente ejecutivo CCPS.<br \/>\n<\/figcaption><\/figure>\n<p>Carlos Iglesias, presidente de la C\u00e1mara de Comercio y Producci\u00f3n de Santiago, reiter\u00f3 el compromiso de la instituci\u00f3n de fomentar, en sus miembros y empresariado santiaguero, un cultura y estandarizaci\u00f3n de la calidad de los productos o servicios que ofrecen, as\u00ed como una mejora continua para cada d\u00eda seguir siendo referentes de eficiencia en toda la regi\u00f3n.<\/p>\n<div class=\"wp-block-image\">\n<figure class=\"aligncenter size-full\"><img data-attachment-id=\"27643\" data-permalink=\"https:\/\/elmundodelosnegocios.com.do\/v1\/index.php\/2023\/04\/30\/presentan-ventajas-de-los-sistemas-de-gestion-de-calidad-para-las-empresas\/1-1-1-2\/\" data-orig-file=\"https:\/\/i0.wp.com\/elmundodelosnegocios.com.do\/v1\/wp-content\/uploads\/2023\/04\/1-1-1.jpg?fit=1000%2C667&amp;ssl=1\" data-orig-size=\"1000,667\" data-comments-opened=\"0\" data-image-meta='{\"aperture\":\"2.8\",\"credit\":\"\",\"camera\":\"ILCE-7M3\",\"caption\":\"\",\"created_timestamp\":\"1682555799\",\"copyright\":\"\",\"focal_length\":\"39\",\"iso\":\"800\",\"shutter_speed\":\"0.008\",\"title\":\"\",\"orientation\":\"0\"}' data-image-title=\"1-1-1\" data-image-description=\"\" data-image-caption=\"\" data-medium-file=\"https:\/\/i0.wp.com\/elmundodelosnegocios.com.do\/v1\/wp-content\/uploads\/2023\/04\/1-1-1.jpg?fit=300%2C200&amp;ssl=1\" data-large-file=\"https:\/\/i0.wp.com\/elmundodelosnegocios.com.do\/v1\/wp-content\/uploads\/2023\/04\/1-1-1.jpg?fit=1000%2C667&amp;ssl=1\" decoding=\"async\" loading=\"lazy\" width=\"1000\" height=\"667\" src=\"https:\/\/i0.wp.com\/elmundodelosnegocios.com.do\/v1\/wp-content\/uploads\/2023\/04\/1-1-1.jpg?resize=1000,667&amp;ssl=1\" alt=\"\" class=\"wp-image-27643\" srcset=\"https:\/\/i0.wp.com\/elmundodelosnegocios.com.do\/v1\/wp-content\/uploads\/2023\/04\/1-1-1.jpg?w=1000&amp;ssl=1 1000w, https:\/\/i0.wp.com\/elmundodelosnegocios.com.do\/v1\/wp-content\/uploads\/2023\/04\/1-1-1.jpg?resize=300%2C200&amp;ssl=1 300w, https:\/\/i0.wp.com\/elmundodelosnegocios.com.do\/v1\/wp-content\/uploads\/2023\/04\/1-1-1.jpg?resize=768%2C512&amp;ssl=1 768w\" sizes=\"auto, (max-width: 1000px) 100vw, 1000px\" data-recalc-dims=\"1\"><figcaption class=\"wp-element-caption\">Oscar Calder\u00f3n, moderador; Bernardo Vidal y Jhoan Regalado, panelsitas<\/figcaption><\/figure>\n<\/div>\n<p>De su lado, Lorenzo Ram\u00edrez, director general del INDOCAL, asegur\u00f3 que, a trav\u00e9s de las jornadas de capacitaci\u00f3n al sector productivo, buscan que el pa\u00eds alcance altos niveles de competitividad, sostenibilidad y desarrollo, para convertirse en referentes de calidad en la regi\u00f3n.<\/p>\n<p>Dentro de las ventajas que presentaron los panelistas de los sistemas de gesti\u00f3n de calidad para las empresas se encuentran la mejora de la calidad de sus productos o servicios, y aumentar la eficiencia de sus procesos internos; una mayor satisfacci\u00f3n del cliente, al demostrar el compromiso de la organizaci\u00f3n con la mejora contin\u00faa.<\/p>\n<p>Tambi\u00e9n, las certificaciones de los sistemas de gesti\u00f3n de calidad facilitan el acceso a nuevos mercados y oportunidades de negocio; generan mayor confianza por parte de los clientes, proveedores y socios comerciales; y ayudan la identificar y gestionar los riesgos asociados a los procesos y operaciones, lo que reduce la posibilidad de errores, accidentes y p\u00e9rdidas financieras.<\/p>\n<p>Durante la actividad estuvieron como panelistas, por parte del INDOCAL, los se\u00f1ores Bernardo Vidal, asesor de la Direcci\u00f3n de Normalizaci\u00f3n y Jhoan Regalado, encargado de Certificaci\u00f3n de Sistemas; mientras que, como moderador estuvo el Sr. Oscar Calder\u00f3n, director acad\u00e9mico de MBA en Barna Managemet School, quienes tambi\u00e9n nos apoyaron en este evento.<\/p>\n<p>En el evento participaron decenas personas, representantes de empresas de la Regi\u00f3n Norte del pa\u00eds, pertenecientes a diferentes sectores productivos: manufactura, comercio, servicios, agricultura, entre otros.<\/p>\n<\/div>\n","protected":false},"excerpt":{"rendered":"<p>Santiago de los Caballeros. \u2013 Como parte del acuerdo interinstitucional firmado por la C\u00e1mara de Comercio y Producci\u00f3n de Santiago y el Instituto Dominicano para la Calidad, INDOCAL, fue realizado&hellip; <\/p>\n","protected":false},"author":2,"featured_media":2795,"comment_status":"closed","ping_status":"closed","sticky":false,"template":"","format":"standard","meta":{"fifu_image_url":"https:\/\/i0.wp.com\/elmundodelosnegocios.com.do\/v1\/wp-content\/uploads\/2023\/04\/2-1-1.jpg?resize=1000,667","fifu_image_alt":"Presentan ventajas de los sistemas de gesti\u00f3n de calidad para las empresas","footnotes":""},"categories":[63],"tags":[],"class_list":["post-2794","post","type-post","status-publish","format-standard","has-post-thumbnail","hentry","category-actualidad"],"_links":{"self":[{"href":"https:\/\/elmundodelapolitica.com\/v1\/wp-json\/wp\/v2\/posts\/2794","targetHints":{"allow":["GET"]}}],"collection":[{"href":"https:\/\/elmundodelapolitica.com\/v1\/wp-json\/wp\/v2\/posts"}],"about":[{"href":"https:\/\/elmundodelapolitica.com\/v1\/wp-json\/wp\/v2\/types\/post"}],"author":[{"embeddable":true,"href":"https:\/\/elmundodelapolitica.com\/v1\/wp-json\/wp\/v2\/users\/2"}],"replies":[{"embeddable":true,"href":"https:\/\/elmundodelapolitica.com\/v1\/wp-json\/wp\/v2\/comments?post=2794"}],"version-history":[{"count":0,"href":"https:\/\/elmundodelapolitica.com\/v1\/wp-json\/wp\/v2\/posts\/2794\/revisions"}],"wp:featuredmedia":[{"embeddable":true,"href":"https:\/\/elmundodelapolitica.com\/v1\/wp-json\/wp\/v2\/media\/2795"}],"wp:attachment":[{"href":"https:\/\/elmundodelapolitica.com\/v1\/wp-json\/wp\/v2\/media?parent=2794"}],"wp:term":[{"taxonomy":"category","embeddable":true,"href":"https:\/\/elmundodelapolitica.com\/v1\/wp-json\/wp\/v2\/categories?post=2794"},{"taxonomy":"post_tag","embeddable":true,"href":"https:\/\/elmundodelapolitica.com\/v1\/wp-json\/wp\/v2\/tags?post=2794"}],"curies":[{"name":"wp","href":"https:\/\/api.w.org\/{rel}","templated":true}]}}