{"id":279,"date":"2022-06-01T13:14:59","date_gmt":"2022-06-01T17:14:59","guid":{"rendered":"http:\/\/www.elmundodelapolitica.com\/v2\/?p=25427"},"modified":"2022-09-26T10:28:21","modified_gmt":"2022-09-26T14:28:21","slug":"aspirantes-jrm-ven-abinader-el-unico-que-ha-trabajado-por-jovenes","status":"publish","type":"post","link":"https:\/\/elmundodelapolitica.com\/v1\/aspirantes-jrm-ven-abinader-el-unico-que-ha-trabajado-por-jovenes\/","title":{"rendered":"Aspirantes JRM ven Abinader el \u00fanico que ha trabajado por j\u00f3venes"},"content":{"rendered":"\n<p>SANTO DOMINGO.-&nbsp;El movimiento pol\u00edtico Cambio Joven realiz\u00f3 un acto en apoyo a Carlos Valdez y Jos\u00e9 Gabriel Sosa, quieres aspiran respectivamente a presidente y secretario general de la juventud del Partido Revolucionario Moderno (PRM).<\/p>\n\n\n\n<p>En un encuentro matizado por discursos reeleccionistas a favor del presidente Abinader, plantearon como una necesidad para que los j\u00f3venes de Rep\u00fablica Dominicana alcancen sus metas de la mano de quien, seg\u00fan ellos, es el \u00fanico que ha trabajado en favor de ese segmento social.<\/p>\n\n\n\n<p>En la actividad,&nbsp;el Club Mauricio B\u00e1ez,&nbsp; tambi\u00e9n participaron, en representaci\u00f3n de los diputados, F\u00e9lix Hiciano y de los senadores; Eddy Nolasco as\u00ed como varias figuras de las estructuras del partido.<\/p>\n\n\n\n<p>Consideraron que con el trabajo y entusiasmo del nuevo movimiento no hay dudas de que Luis Abinader seguir\u00e1 dirigiendo los destinos del pa\u00eds.<\/p>\n\n\n\n<p>El coordinador del movimiento, Dawrin Cede\u00f1o, asegur\u00f3 que con el apoyo irrestricto a las referidas candidaturas se pone de manifiesto la necesidad nacional de que el Abinader acepte nueva vez la nominaci\u00f3n presidencial y sea reelecto por 4 a\u00f1os.<\/p>\n\n\n\n<p>Mientras que Gabriel Sosa plante\u00f3 que la \u00fanica manera de aportar al buen gobierno de Abinader es d\u00e1ndole oportunidad a quienes tienen como meta la formaci\u00f3n t\u00e9cnica y acad\u00e9mica de la militancia joven del PRM, para ponerlos al servicio del partido y de la sociedad.<\/p>\n","protected":false},"excerpt":{"rendered":"<p>SANTO DOMINGO.-&nbsp;El movimiento pol\u00edtico Cambio Joven realiz\u00f3 un acto en apoyo a Carlos Valdez y Jos\u00e9 Gabriel Sosa, quieres aspiran respectivamente a presidente y secretario general de la juventud del&hellip; <\/p>\n","protected":false},"author":2,"featured_media":280,"comment_status":"closed","ping_status":"open","sticky":false,"template":"","format":"standard","meta":{"fifu_image_url":"","fifu_image_alt":"","footnotes":""},"categories":[17],"tags":[],"class_list":["post-279","post","type-post","status-publish","format-standard","has-post-thumbnail","hentry","category-politica"],"_links":{"self":[{"href":"https:\/\/elmundodelapolitica.com\/v1\/wp-json\/wp\/v2\/posts\/279","targetHints":{"allow":["GET"]}}],"collection":[{"href":"https:\/\/elmundodelapolitica.com\/v1\/wp-json\/wp\/v2\/posts"}],"about":[{"href":"https:\/\/elmundodelapolitica.com\/v1\/wp-json\/wp\/v2\/types\/post"}],"author":[{"embeddable":true,"href":"https:\/\/elmundodelapolitica.com\/v1\/wp-json\/wp\/v2\/users\/2"}],"replies":[{"embeddable":true,"href":"https:\/\/elmundodelapolitica.com\/v1\/wp-json\/wp\/v2\/comments?post=279"}],"version-history":[{"count":1,"href":"https:\/\/elmundodelapolitica.com\/v1\/wp-json\/wp\/v2\/posts\/279\/revisions"}],"predecessor-version":[{"id":319,"href":"https:\/\/elmundodelapolitica.com\/v1\/wp-json\/wp\/v2\/posts\/279\/revisions\/319"}],"wp:featuredmedia":[{"embeddable":true,"href":"https:\/\/elmundodelapolitica.com\/v1\/wp-json\/wp\/v2\/media\/280"}],"wp:attachment":[{"href":"https:\/\/elmundodelapolitica.com\/v1\/wp-json\/wp\/v2\/media?parent=279"}],"wp:term":[{"taxonomy":"category","embeddable":true,"href":"https:\/\/elmundodelapolitica.com\/v1\/wp-json\/wp\/v2\/categories?post=279"},{"taxonomy":"post_tag","embeddable":true,"href":"https:\/\/elmundodelapolitica.com\/v1\/wp-json\/wp\/v2\/tags?post=279"}],"curies":[{"name":"wp","href":"https:\/\/api.w.org\/{rel}","templated":true}]}}