{"id":2788,"date":"2023-04-30T11:57:13","date_gmt":"2023-04-30T15:57:13","guid":{"rendered":"https:\/\/elmundodelapolitica.com\/v1\/?p=2788"},"modified":"2023-04-30T11:57:50","modified_gmt":"2023-04-30T15:57:50","slug":"articulo-el-pld-y-su-liderazgo-local","status":"publish","type":"post","link":"https:\/\/elmundodelapolitica.com\/v1\/articulo-el-pld-y-su-liderazgo-local\/","title":{"rendered":"ARTICULO: El PLD y su liderazgo local"},"content":{"rendered":"\n<p>Por Ram\u00f3n Alberto L\u00f3pez Ynoa<\/p>\n\n\n\n<p>El comportamiento pol\u00edtico, al igual que otras formas de comportamiento humano, puede explicarse por ese arraigo individualista que tienen las personas de buscar lo que entienden les reporta mayores beneficios en lo personal aunque para ello deban renunciar a principios y compromisos pol\u00edticos previos que suponen ya no les benefician como antes.<\/p>\n\n\n\n<p>Alrededor de los partidos pol\u00edticos se aglutina la gran masa de electores que espera cambie su situaci\u00f3n social y econ\u00f3mica con la llegada al poder de la organizaci\u00f3n que haya sabido sintonizar con sus esperanzas independientemente de su orientaci\u00f3n ideol\u00f3gica, y es a partir de estas premisas que toda organizaci\u00f3n pol\u00edtica, que en un determinado momento se encuentre en condiciones que no les son favorables ante la sociedad, particularmente, ante aquella franja de electores que decide qui\u00e9nes ser\u00e1n sus gobernantes, se enfrenta al desaf\u00edo de lograr variar la percepci\u00f3n que se pudiera tener de que no representa una carta de triunfo en lo inmediato y hacer cambiar la &nbsp;impresi\u00f3n de que sus capacidades electorales son insuficientes para llegar al poder.<\/p>\n\n\n\n<p>En esta circunstancia es cuando se mide la capacidad del liderazgo partidario, y precisamente, los l\u00edderes surgen en tiempos dif\u00edciles, cuando hay tormenta, no cuando los vientos soplan a favor, y es la capacidad para sortear las dificultades del momento la que definir\u00e1 si lo es o no lo es.&nbsp; No es suficiente con tener un ego sobredimensionado pens\u00e1ndose y crey\u00e9ndose l\u00edder, aunque no lo sean, pero, tienen que saber que su funci\u00f3n, precisamente, es la de ser mediador entre su organizaci\u00f3n y las aspiraciones del pueblo pues, si quien dirige no da respuestas a lo que de \u00e9l se espera, estar\u00e1 de m\u00e1s decir que su desempe\u00f1o pol\u00edtico dejar\u00e1 mucho que desear.<\/p>\n\n\n\n<p>Y no es necesario ser un Nelson Mandela, un Mahatma Gandhi o una Teresa de Calcuta, sino, alguien que sencillamente sepa conectarse con sus seguidores, que los oriente, lo movilice, que los haga sentir que llegar\u00e1n, y que, cual Mois\u00e9s, los gu\u00ede en el camino de ascenso al poder, alguien que se anticipe a las crisis, que consensue y que pueda discernir entre lo conveniente y lo no conveniente.<\/p>\n\n\n\n<p>En el actual escenario pol\u00edtico nacional el de la Liberaci\u00f3n Dominicana quiz\u00e1s sea el \u00fanico partido que le oferte al pa\u00eds una figura nueva, no repetida, fresca, un candidato con sensibilidad ante una sociedad que procura insertarse entre la masificaci\u00f3n de la inteligencia artificial y el inicio de una cultura de post contemporaneidad, &nbsp;que &nbsp;tiene experiencia de ejecutorias exitosas en los \u00e1mbitos legislativo y municipal y que, con un discurso esperanzador de reivindicaci\u00f3n de mejores condiciones de vida, procura insertarse en el alma del dominicano como la opci\u00f3n m\u00e1s viable en la consulta electoral del 2024. &nbsp;<\/p>\n\n\n\n<p>Abel Mart\u00ednez ha mostrado sobrada capacidad procurando ganarse la preferencia &nbsp;del electorado dominicano, pero, necesita del soporte de verdaderos l\u00edderes en los distintos estamentos dirigenciales de su partido, espec\u00edficamente, en los niveles medios y de base que son en donde se cuecen las habas y en los que se sustenta el trabajo pol\u00edtico directo con el pueblo traduciendo en acciones concretas las l\u00edneas pol\u00edticas trazadas por los altos mandos partidarios.<\/p>\n\n\n\n<p>Existen demarcaciones territoriales en las que es evidente la ausencia de un liderazgo visionario, unificador, con arraigo en las masas, y con verdadero compromiso partidario, que entienda la actual coyuntura electoral en su conjunto y que ponga los intereses de la organizaci\u00f3n por encima de los suyos.<\/p>\n\n\n\n<p>La fidelizaci\u00f3n del voto no existe en nuestra sociedad pues \u00e9ste no es de nadie en particular, sino del partido que logre convencer al ciudadano de ser la \u00fanica v\u00eda para su mejor\u00eda personal y social.<\/p>\n\n\n\n<p>El autor es profesor universitario y reside en Barahona.<\/p>\n","protected":false},"excerpt":{"rendered":"<p>Por Ram\u00f3n Alberto L\u00f3pez Ynoa El comportamiento pol\u00edtico, al igual que otras formas de comportamiento humano, puede explicarse por ese arraigo individualista que tienen las personas de buscar lo que&hellip; <\/p>\n","protected":false},"author":2,"featured_media":2789,"comment_status":"open","ping_status":"open","sticky":false,"template":"","format":"standard","meta":{"fifu_image_url":"","fifu_image_alt":"","footnotes":""},"categories":[4,17],"tags":[],"class_list":["post-2788","post","type-post","status-publish","format-standard","has-post-thumbnail","hentry","category-articulo","category-politica"],"_links":{"self":[{"href":"https:\/\/elmundodelapolitica.com\/v1\/wp-json\/wp\/v2\/posts\/2788","targetHints":{"allow":["GET"]}}],"collection":[{"href":"https:\/\/elmundodelapolitica.com\/v1\/wp-json\/wp\/v2\/posts"}],"about":[{"href":"https:\/\/elmundodelapolitica.com\/v1\/wp-json\/wp\/v2\/types\/post"}],"author":[{"embeddable":true,"href":"https:\/\/elmundodelapolitica.com\/v1\/wp-json\/wp\/v2\/users\/2"}],"replies":[{"embeddable":true,"href":"https:\/\/elmundodelapolitica.com\/v1\/wp-json\/wp\/v2\/comments?post=2788"}],"version-history":[{"count":1,"href":"https:\/\/elmundodelapolitica.com\/v1\/wp-json\/wp\/v2\/posts\/2788\/revisions"}],"predecessor-version":[{"id":2790,"href":"https:\/\/elmundodelapolitica.com\/v1\/wp-json\/wp\/v2\/posts\/2788\/revisions\/2790"}],"wp:featuredmedia":[{"embeddable":true,"href":"https:\/\/elmundodelapolitica.com\/v1\/wp-json\/wp\/v2\/media\/2789"}],"wp:attachment":[{"href":"https:\/\/elmundodelapolitica.com\/v1\/wp-json\/wp\/v2\/media?parent=2788"}],"wp:term":[{"taxonomy":"category","embeddable":true,"href":"https:\/\/elmundodelapolitica.com\/v1\/wp-json\/wp\/v2\/categories?post=2788"},{"taxonomy":"post_tag","embeddable":true,"href":"https:\/\/elmundodelapolitica.com\/v1\/wp-json\/wp\/v2\/tags?post=2788"}],"curies":[{"name":"wp","href":"https:\/\/api.w.org\/{rel}","templated":true}]}}