{"id":2784,"date":"2023-04-30T11:14:10","date_gmt":"2023-04-30T15:14:10","guid":{"rendered":"https:\/\/elmundodelapolitica.com\/v1\/?p=2784"},"modified":"2023-04-30T11:14:12","modified_gmt":"2023-04-30T15:14:12","slug":"carlos-garcia-lanzara-sus-aspiraciones-a-alcalde-por-el-pld-en-barahona","status":"publish","type":"post","link":"https:\/\/elmundodelapolitica.com\/v1\/carlos-garcia-lanzara-sus-aspiraciones-a-alcalde-por-el-pld-en-barahona\/","title":{"rendered":"Carlos Garc\u00eda lanzar\u00e1 sus aspiraciones a alcalde por el PLD en Barahona"},"content":{"rendered":"\n<p>De acuerdo al comit\u00e9 organizador de la actividad se realizar\u00e1 en el hotel Costa Larimar a partir de las 10 de la ma\u00f1ana de este domingo<\/p>\n\n\n\n<p>A la actividad han sido invitados dirigentes y simpatizantes de esa organizaci\u00f3n, comunitarios, deportistas, profesionales, amas de casas, chiriperos, trabajadores, religiosos, partidos pol\u00edticos, medios de comunicaci\u00f3n entre otros sectores.<\/p>\n\n\n\n<p>Un poco de Carlos Garc\u00eda<\/p>\n\n\n\n<p>Miembro fundador del PLD, cuando &nbsp;el Profesor Juan Bosch sale del PRD acompa\u00f1a a otros dirigentes en Barahona y pasan al PLD.<\/p>\n\n\n\n<p>2. Pas\u00f3 a ser dirigente del FEL, la Fuerza Estudiantil de Liberaci\u00f3n en Barahona.<\/p>\n\n\n\n<p>3. Se form\u00f3 en los c\u00edrculos de estudios y pas\u00f3 a dirigir c\u00edrculos de estudio para formar a otros compa\u00f1eros.<\/p>\n\n\n\n<p>4. En PLD siempre ha trabajado en la parte operativa.<\/p>\n\n\n\n<p>5. Tuvo el privilegio de amanecer cuidando al profesor Juan Bosch (Haciendo guardia nocturna) &nbsp;producto de la confianza en el equipo de seguridad.<\/p>\n\n\n\n<p>6. Pas\u00f3 por los niveles de circulista, miembro, presidente de comit\u00e9 de base, dirigentes medio y municipal, ahora miembro del comit\u00e9 central.<\/p>\n\n\n\n<p>7. Cu\u00e1ndo emigr\u00f3 hacia New York se organiz\u00f3 en la seccional de all\u00ed.<\/p>\n\n\n\n<p>8. Director regional de EDESUR y&nbsp; Obras P\u00fablicas, en los gobiernos del PLD.<\/p>\n","protected":false},"excerpt":{"rendered":"<p>De acuerdo al comit\u00e9 organizador de la actividad se realizar\u00e1 en el hotel Costa Larimar a partir de las 10 de la ma\u00f1ana de este domingo A la actividad han&hellip; <\/p>\n","protected":false},"author":2,"featured_media":2785,"comment_status":"open","ping_status":"open","sticky":false,"template":"","format":"standard","meta":{"fifu_image_url":"","fifu_image_alt":"","footnotes":""},"categories":[5],"tags":[],"class_list":["post-2784","post","type-post","status-publish","format-standard","has-post-thumbnail","hentry","category-partidos"],"_links":{"self":[{"href":"https:\/\/elmundodelapolitica.com\/v1\/wp-json\/wp\/v2\/posts\/2784","targetHints":{"allow":["GET"]}}],"collection":[{"href":"https:\/\/elmundodelapolitica.com\/v1\/wp-json\/wp\/v2\/posts"}],"about":[{"href":"https:\/\/elmundodelapolitica.com\/v1\/wp-json\/wp\/v2\/types\/post"}],"author":[{"embeddable":true,"href":"https:\/\/elmundodelapolitica.com\/v1\/wp-json\/wp\/v2\/users\/2"}],"replies":[{"embeddable":true,"href":"https:\/\/elmundodelapolitica.com\/v1\/wp-json\/wp\/v2\/comments?post=2784"}],"version-history":[{"count":1,"href":"https:\/\/elmundodelapolitica.com\/v1\/wp-json\/wp\/v2\/posts\/2784\/revisions"}],"predecessor-version":[{"id":2786,"href":"https:\/\/elmundodelapolitica.com\/v1\/wp-json\/wp\/v2\/posts\/2784\/revisions\/2786"}],"wp:featuredmedia":[{"embeddable":true,"href":"https:\/\/elmundodelapolitica.com\/v1\/wp-json\/wp\/v2\/media\/2785"}],"wp:attachment":[{"href":"https:\/\/elmundodelapolitica.com\/v1\/wp-json\/wp\/v2\/media?parent=2784"}],"wp:term":[{"taxonomy":"category","embeddable":true,"href":"https:\/\/elmundodelapolitica.com\/v1\/wp-json\/wp\/v2\/categories?post=2784"},{"taxonomy":"post_tag","embeddable":true,"href":"https:\/\/elmundodelapolitica.com\/v1\/wp-json\/wp\/v2\/tags?post=2784"}],"curies":[{"name":"wp","href":"https:\/\/api.w.org\/{rel}","templated":true}]}}