{"id":2775,"date":"2023-04-29T01:13:10","date_gmt":"2023-04-29T05:13:10","guid":{"rendered":"https:\/\/elmundodelapolitica.com\/v1\/?p=2775"},"modified":"2023-04-29T01:13:10","modified_gmt":"2023-04-29T05:13:10","slug":"resumen-planview-fue-distinguida-como-lider-en-gartner-magic-quadrant-de-abril-de-2023-debido-a-su-gestion-de-portfolio-estrategico-por-segundo-ano-consecutivo","status":"publish","type":"post","link":"https:\/\/elmundodelapolitica.com\/v1\/resumen-planview-fue-distinguida-como-lider-en-gartner-magic-quadrant-de-abril-de-2023-debido-a-su-gestion-de-portfolio-estrategico-por-segundo-ano-consecutivo\/","title":{"rendered":"Resumen: Planview fue distinguida como l\u00edder en Gartner\u00ae Magic Quadrant\u2122 de abril de 2023 debido a su gesti\u00f3n de portfolio estrat\u00e9gico por segundo a\u00f1o consecutivo"},"content":{"rendered":"<p>Planview mejor\u00f3 su posici\u00f3n gracias a su visi\u00f3n integralAUSTIN, Texas&#8211;(BUSINESS WIRE)&#8211;Planview, la plataforma l\u00edder para trabajo conectado, de la planificaci\u00f3n del portfolio a la prestaci\u00f3n de servicios, anunci\u00f3 hoy que fue distinguida como l\u00edder en el informe Gartner Magic Quadrant de gesti\u00f3n de portfolio estrat\u00e9gico de abril de 2023 por segundo a\u00f1o consecutivo gracias a su visi\u00f3n integral y capacidad de ejecuci\u00f3n.<br \/>\nDescargar una copia gratuita del informe Gartner Magic Quadrant de gesti\u00f3n de portfolio estrat\u00e9gico de abril de 2023.<br \/>\n\u201cEn Planview, nuestra misi\u00f3n es desatar el poder del trabajo conectado para organizaciones de todo el mundo.\"<br \/>\nEl comunicado en el idioma original es la versi\u00f3n oficial y autorizada del mismo. Esta traducci\u00f3n es solamente un medio de ayuda y deber\u00e1 ser comparada con el texto en idioma original, que es la \u00fanica versi\u00f3n del texto que tendr\u00e1 validez legal. Contacts<br \/>\nRelaciones con medios de comunicaci\u00f3n de PlanviewNatalie Reina<br \/>\nDirectora de comunicaciones corporativas<br \/>\n956-878-9176<br \/>\nnatalie.reina@planview.com<\/p>\n","protected":false},"excerpt":{"rendered":"<div>\n<p class=\"bwalignc\">\n<i>Planview mejor\u00f3 su posici\u00f3n gracias a su visi\u00f3n integral<\/i><\/p>\n<p>AUSTIN, Texas&#8211;(BUSINESS WIRE)&#8211;<a target=\"_blank\" href=\"https:\/\/cts.businesswire.com\/ct\/CT?id=smartlink&amp;url=http%3A%2F%2Fwww.planview.com%2F&amp;esheet=53389622&amp;newsitemid=20230428005382&amp;lan=es-ES&amp;anchor=Planview&amp;index=1&amp;md5=29c39c90b046074300e04af099df291d\" rel=\"nofollow noopener\">Planview<\/a>, la plataforma l\u00edder para trabajo conectado, de la planificaci\u00f3n del portfolio a la prestaci\u00f3n de servicios, anunci\u00f3 hoy que fue distinguida como l\u00edder en el informe <a target=\"_blank\" href=\"https:\/\/cts.businesswire.com\/ct\/CT?id=smartlink&amp;url=https%3A%2F%2Finfo.planview.com%2Fgartner-spm-mq-_report_sp_en_reg.html&amp;esheet=53389622&amp;newsitemid=20230428005382&amp;lan=es-ES&amp;anchor=Gartner+Magic+Quadrant+de+gesti%26oacute%3Bn+de+portfolio+estrat%26eacute%3Bgico+de+abril+de+2023&amp;index=2&amp;md5=88bded9a72ddbca409333d3994238dc5\" rel=\"nofollow noopener\">Gartner Magic Quadrant de gesti\u00f3n de portfolio estrat\u00e9gico de abril de 2023<\/a> por segundo a\u00f1o consecutivo gracias a su visi\u00f3n integral y capacidad de ejecuci\u00f3n.<\/p>\n<p><a href=\"https:\/\/mms.businesswire.com\/media\/20230428005382\/es\/837612\/5\/Planview-Horizontal-color-RGB.jpg\"><img decoding=\"async\" src=\"https:\/\/mms.businesswire.com\/media\/20230428005379\/en\/837612\/21\/Planview-Horizontal-color-RGB.jpg\"><\/a><\/p>\n<p>\n<i>Descargar una copia gratuita del informe <\/i><a target=\"_blank\" href=\"https:\/\/cts.businesswire.com\/ct\/CT?id=smartlink&amp;url=https%3A%2F%2Finfo.planview.com%2Fgartner-spm-mq-_report_sp_en_reg.html&amp;esheet=53389622&amp;newsitemid=20230428005382&amp;lan=es-ES&amp;anchor=Gartner+Magic+Quadrant+de+gesti%26oacute%3Bn+de+portfolio+estrat%26eacute%3Bgico+de+abril+de+2023&amp;index=3&amp;md5=3246d146281b9baff1519c405a8cd066\" rel=\"nofollow noopener\"><i>Gartner Magic Quadrant de gesti\u00f3n de portfolio estrat\u00e9gico de abril de 2023<\/i><\/a><i>.<\/i><\/p>\n<p>\n\u201cEn Planview, nuestra misi\u00f3n es desatar el poder del trabajo conectado para organizaciones de todo el mundo.\"<\/p>\n<p>\nEl comunicado en el idioma original es la versi\u00f3n oficial y autorizada del mismo. Esta traducci\u00f3n es solamente un medio de ayuda y deber\u00e1 ser comparada con el texto en idioma original, que es la \u00fanica versi\u00f3n del texto que tendr\u00e1 validez legal.<\/p>\n<p> <b>Contacts<\/b> <\/p>\n<p>\n<b>Relaciones con medios de comunicaci\u00f3n de Planview<\/b><br \/>Natalie Reina<br \/>\n<br \/>Directora de comunicaciones corporativas<br \/>\n<br \/>956-878-9176<br \/>\n<br \/><a target=\"_blank\" href=\"mailto:natalie.reina@planview.com\" rel=\"nofollow noopener\">natalie.reina@planview.com<\/a><\/p>\n<\/div>\n","protected":false},"author":2,"featured_media":2776,"comment_status":"closed","ping_status":"closed","sticky":false,"template":"","format":"standard","meta":{"fifu_image_url":"https:\/\/mms.businesswire.com\/media\/20230428005379\/en\/837612\/21\/Planview-Horizontal-color-RGB.jpg","fifu_image_alt":"Resumen: Planview fue distinguida como l\u00edder en Gartner\u00ae Magic Quadrant\u2122 de abril de 2023 debido a su gesti\u00f3n de portfolio estrat\u00e9gico por segundo a\u00f1o consecutivo","footnotes":""},"categories":[44],"tags":[],"class_list":["post-2775","post","type-post","status-publish","format-standard","has-post-thumbnail","hentry","category-business-wire"],"_links":{"self":[{"href":"https:\/\/elmundodelapolitica.com\/v1\/wp-json\/wp\/v2\/posts\/2775","targetHints":{"allow":["GET"]}}],"collection":[{"href":"https:\/\/elmundodelapolitica.com\/v1\/wp-json\/wp\/v2\/posts"}],"about":[{"href":"https:\/\/elmundodelapolitica.com\/v1\/wp-json\/wp\/v2\/types\/post"}],"author":[{"embeddable":true,"href":"https:\/\/elmundodelapolitica.com\/v1\/wp-json\/wp\/v2\/users\/2"}],"replies":[{"embeddable":true,"href":"https:\/\/elmundodelapolitica.com\/v1\/wp-json\/wp\/v2\/comments?post=2775"}],"version-history":[{"count":0,"href":"https:\/\/elmundodelapolitica.com\/v1\/wp-json\/wp\/v2\/posts\/2775\/revisions"}],"wp:featuredmedia":[{"embeddable":true,"href":"https:\/\/elmundodelapolitica.com\/v1\/wp-json\/wp\/v2\/media\/2776"}],"wp:attachment":[{"href":"https:\/\/elmundodelapolitica.com\/v1\/wp-json\/wp\/v2\/media?parent=2775"}],"wp:term":[{"taxonomy":"category","embeddable":true,"href":"https:\/\/elmundodelapolitica.com\/v1\/wp-json\/wp\/v2\/categories?post=2775"},{"taxonomy":"post_tag","embeddable":true,"href":"https:\/\/elmundodelapolitica.com\/v1\/wp-json\/wp\/v2\/tags?post=2775"}],"curies":[{"name":"wp","href":"https:\/\/api.w.org\/{rel}","templated":true}]}}