{"id":275,"date":"2022-05-04T15:00:27","date_gmt":"2022-05-04T19:00:27","guid":{"rendered":"http:\/\/www.elmundodelapolitica.com\/v2\/?p=25310"},"modified":"2022-05-04T15:00:27","modified_gmt":"2022-05-04T19:00:27","slug":"mas-de-la-mitad-en-r-dominicana-aprueba-el-gobierno-de-abinader","status":"publish","type":"post","link":"https:\/\/elmundodelapolitica.com\/v1\/mas-de-la-mitad-en-r-dominicana-aprueba-el-gobierno-de-abinader\/","title":{"rendered":"M\u00e1s de la mitad en R. Dominicana aprueba el gobierno de Abinader"},"content":{"rendered":"\n<p>SANTO DOMINGO.- M\u00e1s de la mitad de la poblaci\u00f3n dominicana en edad de votar considera que el gobierno del presidente Luis Abinader ha sido excelente o bueno, seg\u00fan una encuesta de la empresa CIES International.<\/p>\n\n\n\n<div class=\"wp-block-image\"><figure class=\"alignright\"><img decoding=\"async\" src=\"https:\/\/almomento.net\/wp-content\/uploads\/2022\/05\/image002.12122312_std-1-300x215.png\" alt=\"\" class=\"wp-image-784679\"\/><\/figure><\/div>\n\n\n\n<p>El 36.2% de los entrevistados para el sondeo calific\u00f3 de buena la gesti\u00f3n de Abinader, 31.3% opin\u00f3 que ha sido mala, 18.7% la tach\u00f3 de muy mala y 13.8% piensa que ha sido excelente.<\/p>\n\n\n\n<p><strong>ECONOMIA<\/strong><\/p>\n\n\n\n<p>El 36.2% consider\u00f3 que la econom\u00eda de la Rep\u00fablica Dominicana est\u00e1 bien, 12.5% cree que es excelente, 26.3% entiende que va mal y 25% que est\u00e1 muy mal.<\/p>\n\n\n\n<p><strong>RD VA POR MAL CAMINO<\/strong><\/p>\n\n\n\n<p>El 30% opin\u00f3 que el pa\u00eds va por un mal camino, 23.8% entiende que va por un \u00abmuy mal\u00bb camino, 29% dijo que vamos por buen camino y 16.3% cree que vamos por un muy buen camino.<\/p>\n\n\n\n<div class=\"wp-block-image\"><figure class=\"alignright\"><img decoding=\"async\" src=\"https:\/\/almomento.net\/wp-content\/uploads\/2022\/05\/image007.12122554_std-300x221.png\" alt=\"\" class=\"wp-image-784681\"\/><\/figure><\/div>\n\n\n\n<p><strong>DELINCUENCIA<\/strong><\/p>\n\n\n\n<p>El 35% calific\u00f3 de mala la lucha de las autoridades contra la delincuencia, 32.4% la tach\u00f3 de muy mala, 21.3% dijo que ha sido buena y 11.3% indic\u00f3 que es muy buena.<\/p>\n\n\n\n<p>El estudio fue realizado entre el pasado 25 y 27 de abril.<\/p>\n","protected":false},"excerpt":{"rendered":"<p>SANTO DOMINGO.- M\u00e1s de la mitad de la poblaci\u00f3n dominicana en edad de votar considera que el gobierno del presidente Luis Abinader ha sido excelente o bueno, seg\u00fan una encuesta&hellip; <\/p>\n","protected":false},"author":2,"featured_media":276,"comment_status":"closed","ping_status":"open","sticky":false,"template":"","format":"standard","meta":{"fifu_image_url":"","fifu_image_alt":"","footnotes":""},"categories":[53],"tags":[],"class_list":["post-275","post","type-post","status-publish","format-standard","has-post-thumbnail","hentry","category-gobierno"],"_links":{"self":[{"href":"https:\/\/elmundodelapolitica.com\/v1\/wp-json\/wp\/v2\/posts\/275","targetHints":{"allow":["GET"]}}],"collection":[{"href":"https:\/\/elmundodelapolitica.com\/v1\/wp-json\/wp\/v2\/posts"}],"about":[{"href":"https:\/\/elmundodelapolitica.com\/v1\/wp-json\/wp\/v2\/types\/post"}],"author":[{"embeddable":true,"href":"https:\/\/elmundodelapolitica.com\/v1\/wp-json\/wp\/v2\/users\/2"}],"replies":[{"embeddable":true,"href":"https:\/\/elmundodelapolitica.com\/v1\/wp-json\/wp\/v2\/comments?post=275"}],"version-history":[{"count":0,"href":"https:\/\/elmundodelapolitica.com\/v1\/wp-json\/wp\/v2\/posts\/275\/revisions"}],"wp:featuredmedia":[{"embeddable":true,"href":"https:\/\/elmundodelapolitica.com\/v1\/wp-json\/wp\/v2\/media\/276"}],"wp:attachment":[{"href":"https:\/\/elmundodelapolitica.com\/v1\/wp-json\/wp\/v2\/media?parent=275"}],"wp:term":[{"taxonomy":"category","embeddable":true,"href":"https:\/\/elmundodelapolitica.com\/v1\/wp-json\/wp\/v2\/categories?post=275"},{"taxonomy":"post_tag","embeddable":true,"href":"https:\/\/elmundodelapolitica.com\/v1\/wp-json\/wp\/v2\/tags?post=275"}],"curies":[{"name":"wp","href":"https:\/\/api.w.org\/{rel}","templated":true}]}}