{"id":2748,"date":"2023-04-27T15:58:35","date_gmt":"2023-04-27T19:58:35","guid":{"rendered":"https:\/\/elmundodelapolitica.com\/v1\/?p=2748"},"modified":"2023-04-27T15:58:36","modified_gmt":"2023-04-27T19:58:36","slug":"ex-presidente-fernandez-dicta-conferencia-en-kennedy-school-de-harvard-university","status":"publish","type":"post","link":"https:\/\/elmundodelapolitica.com\/v1\/ex-presidente-fernandez-dicta-conferencia-en-kennedy-school-de-harvard-university\/","title":{"rendered":"Ex Presidente Fern\u00e1ndez dicta conferencia en Kennedy School de Harvard University"},"content":{"rendered":"\n<p><strong>Boston,<\/strong>&nbsp;EE. UU. Abril 2023.- El expresidente de la Rep\u00fablica Dominicana y presidente del partido Fuerza Del Pueblo, Leonel Fern\u00e1ndez, dict\u00f3 una conferencia en ingl\u00e9s en la universidad de Harvard, donde plante\u00f3 tesis sobre el \"Voto Econ\u00f3mico\", la cual sostiene que existe una relaci\u00f3n directa entre las tendencias econ\u00f3micas globales y los ciclos electorales en Am\u00e9rica Latina.<\/p>\n\n\n\n<figure class=\"wp-block-image size-large\"><img loading=\"lazy\" decoding=\"async\" width=\"1024\" height=\"683\" src=\"https:\/\/elmundodelapolitica.com\/v1\/wp-content\/uploads\/2023\/04\/Leonel-Fernandez-conferencia-Harvard-2-1024x683.jpeg\" alt=\"\" class=\"wp-image-2750\" srcset=\"https:\/\/elmundodelapolitica.com\/v1\/wp-content\/uploads\/2023\/04\/Leonel-Fernandez-conferencia-Harvard-2-1024x683.jpeg 1024w, https:\/\/elmundodelapolitica.com\/v1\/wp-content\/uploads\/2023\/04\/Leonel-Fernandez-conferencia-Harvard-2-300x200.jpeg 300w, https:\/\/elmundodelapolitica.com\/v1\/wp-content\/uploads\/2023\/04\/Leonel-Fernandez-conferencia-Harvard-2-768x512.jpeg 768w, https:\/\/elmundodelapolitica.com\/v1\/wp-content\/uploads\/2023\/04\/Leonel-Fernandez-conferencia-Harvard-2.jpeg 1280w\" sizes=\"auto, (max-width: 1024px) 100vw, 1024px\" \/><\/figure>\n\n\n\n<p>\"Los votantes racionales responsabilizan a los gobiernos por sus desempe\u00f1os econ\u00f3micos\", dijo el expresidente.<\/p>\n\n\n\n<p>Explicando esta idea, el l\u00edder pol\u00edtico dominicano cit\u00f3 que desde el 2017 al 2022 han transcurrido 17 elecciones en Am\u00e9rica Latina y, con excepci\u00f3n de Venezuela y Nicaragua, todos los candidatos de partidos de gobierno han perdido las elecciones.<\/p>\n\n\n\n<p>\"Un gobierno que preside un per\u00edodo de prosperidad puede esperar ganar votos, mientras que, por el contrario, un gobierno que se enfrente a una situaci\u00f3n de declive econ\u00f3mico tiende a perder el favor de los electores,\u201d indic\u00f3.<\/p>\n\n\n\n<p>En esta actividad acad\u00e9mica Leonel Fern\u00e1ndez explic\u00f3 que esta realidad ha sido ampliamente estudiada en Estados \u00danicos y Europa Occidental. Sin embargo, los trabajos han sido m\u00e1s de corte emp\u00edrico y menos anal\u00edtico y de orientaci\u00f3n te\u00f3rica. Fern\u00e1ndez explic\u00f3 que en Am\u00e9rica Latina las investigaciones sobre comportamiento electoral son m\u00e1s recientes, debido a que la democracia moderna es un fen\u00f3meno de las \u00faltimas cuatro d\u00e9cadas.<\/p>\n\n\n\n<p>Explic\u00f3 Fern\u00e1ndez que, aunque en la teor\u00eda es m\u00e1s com\u00fan la determinaci\u00f3n del voto econ\u00f3mico, en el comportamiento electoral pueden intervenir otros factores, como identificaci\u00f3n partidista, ideol\u00f3gica, por la ocurrencia de esc\u00e1ndalos pol\u00edticos o incumplimiento de promesas electorales.<\/p>\n\n\n\n<p>Pero, Am\u00e9rica Latina es la regi\u00f3n del mundo donde el factor econ\u00f3mico es el m\u00e1s importante en determinar el comportamiento electoral de los votantes.<\/p>\n\n\n\n<p>Concluy\u00f3 estableciendo que, a causa de, \"las fluctuaciones econ\u00f3micas globales y locales, los votantes tienden a castigar a los gobiernos m\u00e1s por su falta de logros econ\u00f3micos que por su orientaci\u00f3n ideol\u00f3gica, dando paso a un p\u00e9ndulo pol\u00edtico latinoamericano\".<\/p>\n\n\n\n<p>Ante el p\u00fablico que se dio cita en la reconocida universidad estadounidense, el tambi\u00e9n presidente de FUNGLODE ilustr\u00f3 sus ideas presentando los contextos pol\u00edticos de cada uno de los pa\u00edses de Am\u00e9rica Latina, de acuerdo al comportamiento de la econom\u00eda en los distintos per\u00edodos.Leonel Fern\u00e1ndez particip\u00f3 en esta conferencia en Harvard, como parte de una amplia agenda acad\u00e9mica y pol\u00edtica que desarrolla en los Estados Unidos hasta este jueves 27 de abril.<\/p>\n","protected":false},"excerpt":{"rendered":"<p>Boston,&nbsp;EE. UU. Abril 2023.- El expresidente de la Rep\u00fablica Dominicana y presidente del partido Fuerza Del Pueblo, Leonel Fern\u00e1ndez, dict\u00f3 una conferencia en ingl\u00e9s en la universidad de Harvard, donde&hellip; <\/p>\n","protected":false},"author":2,"featured_media":2749,"comment_status":"open","ping_status":"open","sticky":false,"template":"","format":"standard","meta":{"fifu_image_url":"","fifu_image_alt":"","footnotes":""},"categories":[8],"tags":[],"class_list":["post-2748","post","type-post","status-publish","format-standard","has-post-thumbnail","hentry","category-politica-economica"],"_links":{"self":[{"href":"https:\/\/elmundodelapolitica.com\/v1\/wp-json\/wp\/v2\/posts\/2748","targetHints":{"allow":["GET"]}}],"collection":[{"href":"https:\/\/elmundodelapolitica.com\/v1\/wp-json\/wp\/v2\/posts"}],"about":[{"href":"https:\/\/elmundodelapolitica.com\/v1\/wp-json\/wp\/v2\/types\/post"}],"author":[{"embeddable":true,"href":"https:\/\/elmundodelapolitica.com\/v1\/wp-json\/wp\/v2\/users\/2"}],"replies":[{"embeddable":true,"href":"https:\/\/elmundodelapolitica.com\/v1\/wp-json\/wp\/v2\/comments?post=2748"}],"version-history":[{"count":1,"href":"https:\/\/elmundodelapolitica.com\/v1\/wp-json\/wp\/v2\/posts\/2748\/revisions"}],"predecessor-version":[{"id":2751,"href":"https:\/\/elmundodelapolitica.com\/v1\/wp-json\/wp\/v2\/posts\/2748\/revisions\/2751"}],"wp:featuredmedia":[{"embeddable":true,"href":"https:\/\/elmundodelapolitica.com\/v1\/wp-json\/wp\/v2\/media\/2749"}],"wp:attachment":[{"href":"https:\/\/elmundodelapolitica.com\/v1\/wp-json\/wp\/v2\/media?parent=2748"}],"wp:term":[{"taxonomy":"category","embeddable":true,"href":"https:\/\/elmundodelapolitica.com\/v1\/wp-json\/wp\/v2\/categories?post=2748"},{"taxonomy":"post_tag","embeddable":true,"href":"https:\/\/elmundodelapolitica.com\/v1\/wp-json\/wp\/v2\/tags?post=2748"}],"curies":[{"name":"wp","href":"https:\/\/api.w.org\/{rel}","templated":true}]}}