{"id":2745,"date":"2023-04-27T09:06:12","date_gmt":"2023-04-27T13:06:12","guid":{"rendered":"https:\/\/elmundodelapolitica.com\/v1\/?p=2745"},"modified":"2023-04-27T09:06:14","modified_gmt":"2023-04-27T13:06:14","slug":"presidente-abinader-propone-plan-de-desarrollo-de-santo-domingo-este","status":"publish","type":"post","link":"https:\/\/elmundodelapolitica.com\/v1\/presidente-abinader-propone-plan-de-desarrollo-de-santo-domingo-este\/","title":{"rendered":"Presidente Abinader propone Plan de Desarrollo de Santo Domingo Este"},"content":{"rendered":"\n<p>Santo Domingo.- El presidente Luis Abinader encabez\u00f3 este mi\u00e9rcoles un encuentro con 255 empresarios de Santo Domingo Este, donde propuso la creaci\u00f3n de una comisi\u00f3n ejecutiva que realice un plan de desarrollo de este municipio y comprometa a todo el sector pol\u00edtico y social as\u00ed como a los pr\u00f3ximos gobiernos.<\/p>\n\n\n\n<p>El mandatario dijo que podr\u00eda ser un plan que abarque unos 30 a\u00f1os y que permita la ejecuci\u00f3n de grandes y peque\u00f1as obras para el desarrollo del referido municipio.<\/p>\n\n\n\n<p>Indic\u00f3 que van a trabajar para dise\u00f1ar ese municipio de Santo Domingo Este moderno, emprendedor y transformador, con una combinaci\u00f3n de los incentivos, pero tambi\u00e9n de las infraestructuras que se tienen que hacer desde el gobierno.<\/p>\n\n\n\n<p>\u201cEse es nuestro compromiso, vamos a hacerlo, vamos a dise\u00f1arlo para que tambi\u00e9n independientemente de qui\u00e9n est\u00e9 en el gobierno se sepa las obras que hay que hacer, las obras que hay que continuar y que no se deje tampoco al capricho, al deseo de los pol\u00edticos de turno, sino que esas obras y esas inversiones que pagan ustedes con sus impuestos, sean en base a un plan y a un dise\u00f1o que permita el desarrollo sostenido de Santo Domingo Este y de toda la parte este de nuestra provincia de Santo Domingo\u201d, insisti\u00f3.<\/p>\n\n\n\n<p>Y agreg\u00f3: \u201cCuenten con un gobierno que siempre va a estar trabajando con ustedes, que est\u00e1 comprometido con el desarrollo, que es un gobierno tambi\u00e9n pro empresas, pro mipymes, que lo hemos demostrado y lo seguiremos demostrando con nuestros contactos, nuestra colaboraci\u00f3n a\u00fan en las circunstancias m\u00e1s dif\u00edciles que nos ha tocado nosotros gobernar\u201d.<\/p>\n\n\n\n<p>Durante el acto, acompa\u00f1ado del ministro administrativo de la Presidencia, Jos\u00e9 Ignacio Paliza, y del director general del Consejo Nacional de Promoci\u00f3n y Apoyo a la Micro, Peque\u00f1a y Mediana Empresa (Promipyme), Porfirio Peralta, el mandatario adelant\u00f3 que el gobierno trabaja en las opciones de financiamiento para la ampliaci\u00f3n del Metro de Santo Domingo, hasta el Aeropuerto Internacional de Las Am\u00e9ricas.<\/p>\n\n\n\n<p>\u201cMe refiero al tren de Santo Domingo que es fundamental y es una obra de infraestructura quiz\u00e1s de las m\u00e1s necesarias en el Gran Santo Domingo, que ir\u00eda desde la Kennedy con M\u00e1ximo G\u00f3mez hasta la Charles de Gaulle y despu\u00e9s elevado de Charles de Gaulle hasta el aeropuerto, pero quiero decir que esto no es una promesa, estamos trabajando en la parte de financiamiento\u201d, indic\u00f3.<\/p>\n\n\n\n<p>El jefe de Estado precis\u00f3 que en los pr\u00f3ximos d\u00edas se dar\u00e1n m\u00e1s detalles acerca de la obra.<\/p>\n\n\n\n<p>Refiri\u00f3 que el Gobierno ha ejecutado importantes obras en Santo Domingo Este y que continuar\u00e1 ejecutando otras en el segundo semestre de este a\u00f1o. Asegur\u00f3 que el desarrollo que se promueve tiene que llegar a todos los sectores.<\/p>\n\n\n\n<p>Entre estas obras cit\u00f3 el acueducto Barrera Salinidad que llevaba casi 20 a\u00f1os detenido, la avenida Ecol\u00f3gica con el acceso al puerto de Caucedo; la H\u00edpica, que va a ahorrar tiempo desde Santo Domingo Este hacia Santo Domingo Norte; la carretera de San Isidro; la reconstrucci\u00f3n del malec\u00f3n de Santo Domingo Este.<\/p>\n\n\n\n<p>Adem\u00e1s, cit\u00f3 la reconstrucci\u00f3n de la avenida Las Damas que ha sido retomada, tambi\u00e9n la terminaci\u00f3n de la avenida Francisco Alberto Caama\u00f1o que conduce a Los Tres Brazos, la cual era de dos v\u00edas y se han adquirido las propiedades para hacerla de cuatro v\u00edas.<\/p>\n\n\n\n<p>\u201cYo estoy muy esperanzado de que Santo Domingo Este puede convertirse en una ciudad modelo, pero tenemos que actuar\u201d, dijo el presidente Abinader.<\/p>\n\n\n\n<p>El mandatario precis\u00f3 que pese a que en el pa\u00eds los ingresos fiscales son los segundos m\u00e1s bajos en proporci\u00f3n al Producto Interno Bruto de toda Am\u00e9rica Latina, el Gobierno realiza las inversiones priorizando las necesidades de la poblaci\u00f3n y que en la parte de seguridad y de infraestructura de salud hacen falta muchos m\u00e1s recursos.<\/p>\n\n\n\n<p>\u201cLo que ahora podemos hacer es que esos recursos que tenemos, atenderlos y ejecutarlos de la manera m\u00e1s transparente y eficiente posible y eso lo estamos haciendo. Yo les puedo decir que en base a las necesidades que tenemos de gastos fijos de inversiones, siempre se puede mejorar algo, pero hemos mejorado significativamente el gasto p\u00fablico, tanto en eficiencia como en la parte de transparencia\u201d, asegur\u00f3 el presidente Abinader.<\/p>\n\n\n\n<p>Manifest\u00f3 que seguir\u00e1 promoviendo las alianzas y acuerdos entre el sector p\u00fablico y privado, porque afirm\u00f3 es un modelo que est\u00e1 funcionando.<\/p>\n\n\n\n<p>Desembolso de RD 2,300 millones en SDE<\/p>\n\n\n\n<p>De su lado, el director general de Promipyme inform\u00f3 que la instituci\u00f3n ha desembolsado, s\u00f3lo en el municipio Santo Domingo Este, RD 2,300 millones y se han creado 12,400 empleos, fortaleciendo as\u00ed 77,570 puestos de trabajo.<\/p>\n\n\n\n<p>Peralta destac\u00f3 que el objetivo del encuentro-almuerzo, se debe al inter\u00e9s de lograr la sinergia necesaria para impulsar el desarrollo de este municipio de Santo Domingo Este y su entorno de San Luis, San Isidro, San Antonio de Guerra y Boca Chica.<\/p>\n\n\n\n<p>El director de Promipyme inform\u00f3 que junto a los empresarios est\u00e1 impulsando el Proyecto Municipio Visionario, enfocado en cuatro pilares: la juventud emprendedora, participaci\u00f3n socioecon\u00f3mica de la mujer, desarrollo empresarial y la sostenibilidad ambiental.<\/p>\n\n\n\n<p>Sostuvo que el presidente Abinader encabeza un Gobierno decente, \u00e9tico y transparente, con una justicia independiente, y enfrentando la corrupci\u00f3n, un Gobierno comprometido para seguir transformando el campo, la educaci\u00f3n, mejorando la vida del pueblo, apoyando el comercio, creando oportunidad con el cr\u00e9dito para las pymes; \u201csin lugar a duda, este es un Gobierno transformador\u201d.<\/p>\n\n\n\n<p>Indic\u00f3 que el liderazgo del sector empresarial juega un rol preponderante en este tiempo de retos y oportunidades y que el municipio necesita consolidarse con un liderazgo fuerte, que impulse la inversi\u00f3n y el desarrollo de los sectores de la industria, comercio, integrado a la creatividad, tecnolog\u00edas, innovaci\u00f3n y liderazgo, elementos necesarios para una verdad transformaci\u00f3n de la zona.<\/p>\n\n\n\n<p>Pa\u00eds exhibe indicadores econ\u00f3micos envidiables<\/p>\n\n\n\n<p>En tanto, el presidente de la Muebler\u00eda La Nacional, Juan Jos\u00e9 Att\u00edas, manifest\u00f3 que en un ambiente econ\u00f3mico mundial adverso, bajo el mandato del presidente Abinader, el pa\u00eds sigue exhibiendo indicadores econ\u00f3micos envidiables y destac\u00f3 que la estabilidad micro y macroecon\u00f3mica presenta un ambiente favorable a la inversi\u00f3n y al crecimiento de las empresas.<\/p>\n\n\n\n<p>\"Me siento confiado de que en manos de nuestro presidente continuaremos avanzando por el camino correcto y hoy quiero reiterar nuestro agradecimiento por la deferencia de acompa\u00f1arnos y reconocer lo importante que somos como municipio para el desarrollo integral de la naci\u00f3n\", expres\u00f3 Att\u00edas.<\/p>\n\n\n\n<p>La bendici\u00f3n del encuentro estuvo a cargo del padre fray Kelvis Acevedo, p\u00e1rroco de la iglesia Paz y Bien.<\/p>\n","protected":false},"excerpt":{"rendered":"<p>Santo Domingo.- El presidente Luis Abinader encabez\u00f3 este mi\u00e9rcoles un encuentro con 255 empresarios de Santo Domingo Este, donde propuso la creaci\u00f3n de una comisi\u00f3n ejecutiva que realice un plan&hellip; <\/p>\n","protected":false},"author":2,"featured_media":2746,"comment_status":"open","ping_status":"open","sticky":false,"template":"","format":"standard","meta":{"fifu_image_url":"","fifu_image_alt":"","footnotes":""},"categories":[57],"tags":[],"class_list":["post-2745","post","type-post","status-publish","format-standard","has-post-thumbnail","hentry","category-noticias-destacadas"],"_links":{"self":[{"href":"https:\/\/elmundodelapolitica.com\/v1\/wp-json\/wp\/v2\/posts\/2745","targetHints":{"allow":["GET"]}}],"collection":[{"href":"https:\/\/elmundodelapolitica.com\/v1\/wp-json\/wp\/v2\/posts"}],"about":[{"href":"https:\/\/elmundodelapolitica.com\/v1\/wp-json\/wp\/v2\/types\/post"}],"author":[{"embeddable":true,"href":"https:\/\/elmundodelapolitica.com\/v1\/wp-json\/wp\/v2\/users\/2"}],"replies":[{"embeddable":true,"href":"https:\/\/elmundodelapolitica.com\/v1\/wp-json\/wp\/v2\/comments?post=2745"}],"version-history":[{"count":1,"href":"https:\/\/elmundodelapolitica.com\/v1\/wp-json\/wp\/v2\/posts\/2745\/revisions"}],"predecessor-version":[{"id":2747,"href":"https:\/\/elmundodelapolitica.com\/v1\/wp-json\/wp\/v2\/posts\/2745\/revisions\/2747"}],"wp:featuredmedia":[{"embeddable":true,"href":"https:\/\/elmundodelapolitica.com\/v1\/wp-json\/wp\/v2\/media\/2746"}],"wp:attachment":[{"href":"https:\/\/elmundodelapolitica.com\/v1\/wp-json\/wp\/v2\/media?parent=2745"}],"wp:term":[{"taxonomy":"category","embeddable":true,"href":"https:\/\/elmundodelapolitica.com\/v1\/wp-json\/wp\/v2\/categories?post=2745"},{"taxonomy":"post_tag","embeddable":true,"href":"https:\/\/elmundodelapolitica.com\/v1\/wp-json\/wp\/v2\/tags?post=2745"}],"curies":[{"name":"wp","href":"https:\/\/api.w.org\/{rel}","templated":true}]}}