{"id":273,"date":"2022-05-04T15:01:16","date_gmt":"2022-05-04T19:01:16","guid":{"rendered":"http:\/\/www.elmundodelapolitica.com\/v2\/?p=25313"},"modified":"2022-05-04T15:01:16","modified_gmt":"2022-05-04T19:01:16","slug":"guido-gomez-no-me-ire-del-prm-dare-la-batalla-por-los-excluidos","status":"publish","type":"post","link":"https:\/\/elmundodelapolitica.com\/v1\/guido-gomez-no-me-ire-del-prm-dare-la-batalla-por-los-excluidos\/","title":{"rendered":"Guido G\u00f3mez: No me ir\u00e9 del PRM, dar\u00e9 la batalla por los excluidos"},"content":{"rendered":"\n<p>SANTO DOMINGO.- El dirigente pol\u00edtico Guido G\u00f3mez Mazara asegur\u00f3 que no se ir\u00e1 del Partido Revolucionario Moderno (PRM) y que seguir\u00e1 dando la batalla en esa organizaci\u00f3n pol\u00edtica, debido a que su naturaleza es defender con entereza los valores democr\u00e1ticos, a los sectores menos favorecidos y a los excluidos.<\/p>\n\n\n\n<p>Dijo que ese es el escenario donde mejor se siente, ya que se identifica con los excluidos, quienes sienten la decepci\u00f3n y el maltrato cuando no perciben una retribuci\u00f3n respetuosa a su esfuerzo. Su actitud, dijo, es producto de las ense\u00f1anzas del l\u00edder Jos\u00e9 Francisco Pe\u00f1a G\u00f3mez.<\/p>\n\n\n\n<p>Tambi\u00e9n manifest\u00f3 su decisi\u00f3n de volver a los patios, callejones, municipios, con sus compa\u00f1eros de la di\u00e1spora y ciudadanos no vinculados a partidos, para de ese modo estructurar un di\u00e1logo amplio y sincero. A esos recorridos denomin\u00f3 \u201cEncuentros ciudadanos\u201d.<\/p>\n\n\n\n<p>Mazara, quien se autodefini\u00f3 como un defensor de los valores democr\u00e1ticos, se mostr\u00f3 confiado en que ganar\u00e1n la batalla frente a las constantes manifestaciones autoritarias que impulsan los siempre dispuestos a adecuar sus ma\u00f1as a los procesos de competencia pol\u00edtica.<\/p>\n\n\n\n<p>Aunque reconoci\u00f3 estar decepcionado de que en el nuevo partido se repitan las desafortunadas conductas de la vieja casa partidaria, estim\u00f3 que una organizaci\u00f3n no puede reducirse a la agenda de lo estrictamente coyuntural.<\/p>\n\n\n\n<p>\u201cAfortunadamente, siempre, la direcci\u00f3n media y la base del partido act\u00faan con mayor inteligencia y cordura que exponentes de sus \u00e9lites y tienden a establecer interpretaciones maduras del comportamiento de sus actores\u201d, afirm\u00f3 el dirigente perreme\u00edsta que aspiraba a presidir la organizaci\u00f3n oficialista.<\/p>\n","protected":false},"excerpt":{"rendered":"<p>SANTO DOMINGO.- El dirigente pol\u00edtico Guido G\u00f3mez Mazara asegur\u00f3 que no se ir\u00e1 del Partido Revolucionario Moderno (PRM) y que seguir\u00e1 dando la batalla en esa organizaci\u00f3n pol\u00edtica, debido a&hellip; <\/p>\n","protected":false},"author":2,"featured_media":274,"comment_status":"closed","ping_status":"open","sticky":false,"template":"","format":"standard","meta":{"fifu_image_url":"","fifu_image_alt":"","footnotes":""},"categories":[17],"tags":[],"class_list":["post-273","post","type-post","status-publish","format-standard","has-post-thumbnail","hentry","category-politica"],"_links":{"self":[{"href":"https:\/\/elmundodelapolitica.com\/v1\/wp-json\/wp\/v2\/posts\/273","targetHints":{"allow":["GET"]}}],"collection":[{"href":"https:\/\/elmundodelapolitica.com\/v1\/wp-json\/wp\/v2\/posts"}],"about":[{"href":"https:\/\/elmundodelapolitica.com\/v1\/wp-json\/wp\/v2\/types\/post"}],"author":[{"embeddable":true,"href":"https:\/\/elmundodelapolitica.com\/v1\/wp-json\/wp\/v2\/users\/2"}],"replies":[{"embeddable":true,"href":"https:\/\/elmundodelapolitica.com\/v1\/wp-json\/wp\/v2\/comments?post=273"}],"version-history":[{"count":0,"href":"https:\/\/elmundodelapolitica.com\/v1\/wp-json\/wp\/v2\/posts\/273\/revisions"}],"wp:featuredmedia":[{"embeddable":true,"href":"https:\/\/elmundodelapolitica.com\/v1\/wp-json\/wp\/v2\/media\/274"}],"wp:attachment":[{"href":"https:\/\/elmundodelapolitica.com\/v1\/wp-json\/wp\/v2\/media?parent=273"}],"wp:term":[{"taxonomy":"category","embeddable":true,"href":"https:\/\/elmundodelapolitica.com\/v1\/wp-json\/wp\/v2\/categories?post=273"},{"taxonomy":"post_tag","embeddable":true,"href":"https:\/\/elmundodelapolitica.com\/v1\/wp-json\/wp\/v2\/tags?post=273"}],"curies":[{"name":"wp","href":"https:\/\/api.w.org\/{rel}","templated":true}]}}