{"id":2724,"date":"2023-04-26T11:21:55","date_gmt":"2023-04-26T15:21:55","guid":{"rendered":"https:\/\/elmundodelapolitica.com\/v1\/?p=2724"},"modified":"2023-04-26T11:21:55","modified_gmt":"2023-04-26T15:21:55","slug":"camara-santo-domingo-lanza-aplicacion-gestionar-firma-documentos-en-linea","status":"publish","type":"post","link":"https:\/\/elmundodelapolitica.com\/v1\/camara-santo-domingo-lanza-aplicacion-gestionar-firma-documentos-en-linea\/","title":{"rendered":"C\u00e1mara Santo Domingo lanza aplicaci\u00f3n gestionar firma documentos en l\u00ednea"},"content":{"rendered":"<div>\n<p><strong><em>Mifirma, estar\u00e1 disponible en el mercado por 30 d\u00edas, de manera gratuita, a fin de que los interesados aprecien de primera mano las ventajas que ofrece el nuevo servicio\u00a0<\/em><\/strong><\/p>\n<p><strong>Distrito Nacional.<\/strong>\u00a0La C\u00e1mara de<strong>\u00a0<\/strong>Comercio de Santo Domingo (CCPSD) lanz\u00f3 \u201c<em>Mifirma\u201d,<\/em>\u00a0una aplicaci\u00f3n Web para firmar y gestionar procesos de r\u00fabrica de documentos en l\u00ednea desde cualquier lugar, de forma simple, segura y \u00e1gil.\u00a0<\/p>\n<figure class=\"wp-block-image\"><img data-attachment-id=\"18912\" data-permalink=\"https:\/\/elmundodelosnegocios.com.do\/v1\/index.php\/2022\/07\/22\/entravision-amplia-su-asociacion-digital-con-meta-en-honduras-y-el-salvador-lo-que-lleva-la-asociacion-latinoamericana-a-11-paises\/1-285\/\" data-orig-file=\"https:\/\/i0.wp.com\/elmundodelosnegocios.com.do\/v1\/wp-content\/uploads\/2022\/07\/1.png?fit=820%2C360&amp;ssl=1\" data-orig-size=\"820,360\" data-comments-opened=\"0\" data-image-meta='{\"aperture\":\"0\",\"credit\":\"\",\"camera\":\"\",\"caption\":\"\",\"created_timestamp\":\"0\",\"copyright\":\"\",\"focal_length\":\"0\",\"iso\":\"0\",\"shutter_speed\":\"0\",\"title\":\"\",\"orientation\":\"0\"}' data-image-title=\"1\" data-image-description=\"\" data-image-caption=\"\" data-medium-file=\"https:\/\/i0.wp.com\/elmundodelosnegocios.com.do\/v1\/wp-content\/uploads\/2022\/07\/1.png?fit=300%2C132&amp;ssl=1\" data-large-file=\"https:\/\/i0.wp.com\/elmundodelosnegocios.com.do\/v1\/wp-content\/uploads\/2022\/07\/1.png?fit=820%2C360&amp;ssl=1\" decoding=\"async\" src=\"https:\/\/i0.wp.com\/tecnomarketingtel.com\/wp-content\/uploads\/2023\/04\/1.-Foto-principal-1024x679.jpg?resize=1024,679&amp;ssl=1\" alt=\"\" class=\"wp-image-18912\" data-recalc-dims=\"1\"><\/figure>\n<p>Manuel Luna Sued, presidente de la Junta Directiva de la CCPSD, se\u00f1al\u00f3 que, con esta nueva aplicaci\u00f3n para gesti\u00f3n de firmas electr\u00f3nicas, la C\u00e1mara de Comercio de Santo Domingo busca simplificar el proceso de firma de documentos para las empresas y los individuos, eliminando la necesidad de imprimir, lo que ahorra tiempo y reduce costos.<\/p>\n<figure class=\"wp-block-image\"><img decoding=\"async\" src=\"https:\/\/i0.wp.com\/tecnomarketingtel.com\/wp-content\/uploads\/2023\/04\/Manuel-Luna-Sued-1024x678.jpg?resize=1024,678&amp;ssl=1\" alt=\"\" class=\"wp-image-18911\" data-recalc-dims=\"1\"><\/figure>\n<p>Luna Sued detall\u00f3 que el gestor\u00a0<em>Mifirma\u00a0<\/em>clasifica y organiza los documentos pendientes de firma de manera muy sencilla a trav\u00e9s de carpetas y subcarpetas. Al tiempo de asegurar que este puede manejar cualquier tipo de firma electr\u00f3nica, bien sea cualificada, simple o firma avanzada.<\/p>\n<p>Asimismo, explic\u00f3 que la herramienta utiliza una interfaz intuitiva y amigable, que guiar\u00e1 al usuario a trav\u00e9s del proceso de firma. Agreg\u00f3, que la propuesta de valor de Mifirma, incluye el uso de firmas ilimitadas por documento, posee validez legal, el usuario puede tener plantillas personalizables, recolecta las firmas que necesita y gestionar la firma de todos los involucrados en el proceso.\u00a0<\/p>\n<p>Se\u00f1al\u00f3 que el nuevo servicio, que ya est\u00e1 disponible al mercado, cuenta con medidas de seguridad robustas que garantizan la privacidad y confidencialidad de la informaci\u00f3n del usuario. La tecnolog\u00eda de cifrado avanzado se utiliza para proteger los documentos y las firmas electr\u00f3nicas de posibles amenazas en l\u00ednea.<\/p>\n<p><em>Mifirma<\/em>\u00a0es una herramienta web, compatible con todos los dispositivos m\u00f3viles y sistemas operativos, lo que la hace ideal para cualquier persona que necesite firmar documentos mientras se encuentra fuera de la oficina o en movimiento.<\/p>\n<\/div>\n","protected":false},"excerpt":{"rendered":"<p>Mifirma, estar\u00e1 disponible en el mercado por 30 d\u00edas, de manera gratuita, a fin de que los interesados aprecien de primera mano las ventajas que ofrece el nuevo servicio\u00a0 Distrito&hellip; <\/p>\n","protected":false},"author":2,"featured_media":2725,"comment_status":"closed","ping_status":"closed","sticky":false,"template":"","format":"standard","meta":{"fifu_image_url":"https:\/\/i0.wp.com\/tecnomarketingtel.com\/wp-content\/uploads\/2023\/04\/1.-Foto-principal-1024x679.jpg?resize=1024,679&ssl=1","fifu_image_alt":"C\u00e1mara Santo Domingo lanza aplicaci\u00f3n gestionar firma documentos en l\u00ednea","footnotes":""},"categories":[63],"tags":[],"class_list":["post-2724","post","type-post","status-publish","format-standard","has-post-thumbnail","hentry","category-actualidad"],"_links":{"self":[{"href":"https:\/\/elmundodelapolitica.com\/v1\/wp-json\/wp\/v2\/posts\/2724","targetHints":{"allow":["GET"]}}],"collection":[{"href":"https:\/\/elmundodelapolitica.com\/v1\/wp-json\/wp\/v2\/posts"}],"about":[{"href":"https:\/\/elmundodelapolitica.com\/v1\/wp-json\/wp\/v2\/types\/post"}],"author":[{"embeddable":true,"href":"https:\/\/elmundodelapolitica.com\/v1\/wp-json\/wp\/v2\/users\/2"}],"replies":[{"embeddable":true,"href":"https:\/\/elmundodelapolitica.com\/v1\/wp-json\/wp\/v2\/comments?post=2724"}],"version-history":[{"count":0,"href":"https:\/\/elmundodelapolitica.com\/v1\/wp-json\/wp\/v2\/posts\/2724\/revisions"}],"wp:featuredmedia":[{"embeddable":true,"href":"https:\/\/elmundodelapolitica.com\/v1\/wp-json\/wp\/v2\/media\/2725"}],"wp:attachment":[{"href":"https:\/\/elmundodelapolitica.com\/v1\/wp-json\/wp\/v2\/media?parent=2724"}],"wp:term":[{"taxonomy":"category","embeddable":true,"href":"https:\/\/elmundodelapolitica.com\/v1\/wp-json\/wp\/v2\/categories?post=2724"},{"taxonomy":"post_tag","embeddable":true,"href":"https:\/\/elmundodelapolitica.com\/v1\/wp-json\/wp\/v2\/tags?post=2724"}],"curies":[{"name":"wp","href":"https:\/\/api.w.org\/{rel}","templated":true}]}}