{"id":2720,"date":"2023-04-26T10:31:08","date_gmt":"2023-04-26T14:31:08","guid":{"rendered":"https:\/\/elmundodelapolitica.com\/v1\/?p=2720"},"modified":"2023-04-26T10:31:08","modified_gmt":"2023-04-26T14:31:08","slug":"presidente-abinader-y-ministro-de-turismo-encabezan-seminario-internacional-sobre-el-sargazo","status":"publish","type":"post","link":"https:\/\/elmundodelapolitica.com\/v1\/presidente-abinader-y-ministro-de-turismo-encabezan-seminario-internacional-sobre-el-sargazo\/","title":{"rendered":"Presidente Abinader y ministro de Turismo encabezan seminario internacional sobre el sargazo"},"content":{"rendered":"<div>\n<p>Collado dice que este es un nuevo paso que busca promover mejores pr\u00e1cticas para el manejo integral del sargazo<\/p>\n<p>Santo Domingo.-El presidente Luis Abinader y el ministro de Turismo, David Collado, encabezaron hoy el seminario internacional sobre los retos y oportunidades de la gesti\u00f3n del sargazo para el turismo de Rep\u00fablica Dominicana, que se lleva a cabo en el hotel El Embajador de la capital.<\/p>\n<figure class=\"wp-block-image size-large\"><img decoding=\"async\" src=\"https:\/\/i0.wp.com\/www.mitur.gob.do\/wp-content\/uploads\/2023\/04\/Apertura-Seminario-Sargazo-768x459.webp?resize=768,459&amp;ssl=1\" alt=\"\" data-recalc-dims=\"1\"><\/figure>\n<p>En este primer seminario internacional que se realiza en el pa\u00eds sobre el sargazo participaron, tambi\u00e9n, el ministro de Medio Ambiente, Miguel Ceara Hatton, y reconocidos expertos y acad\u00e9micos nacionales e internacionales.<\/p>\n<p>El objetivo general del seminario es conocer sobre los retos que representa la llegada del sargazo a Rep\u00fablica Dominicana, as\u00ed como, identificar y evaluar las oportunidades que propone el sargazo para implementar mejores pr\u00e1cticas y pol\u00edticas p\u00fablicas en la gesti\u00f3n costera sostenible.<\/p>\n<p>El presidente Luis Abinader manifest\u00f3 que desde hace m\u00e1s de un a\u00f1o trabaja con el Ministerio de Turismo para buscar una soluci\u00f3n al problema del sargazo que afecta el \u00e1rea costera del Gran Caribe.<\/p>\n<p>El mandatario llam\u00f3 a los pa\u00edses del Gran Caribe a trabajar de manera unificada para buscar una soluci\u00f3n conjunta a la crisis del sargazo.<\/p>\n<p>Asimismo, el presidente Abinader anunci\u00f3 que aportar\u00e1 un mill\u00f3n de d\u00f3lares a las universidades para que financien las investigaciones de lugar para buscar una soluci\u00f3n al problema del sargazo en el \u00e1rea marina dominicana.<\/p>\n<p>El ministro de Turismo, David Collado, destac\u00f3 la importancia de ese seminario para tomar la mejor decisi\u00f3n de una realidad que afect\u00f3 a gran parte de la regi\u00f3n.<\/p>\n<p>\u201cEs otro reto m\u00e1s que tenemos por delante para conocer y promover mejores pr\u00e1cticas para el manejo integral del sargazo\u201d, dijo el ministro Collado en la apertura del seminario que dur\u00f3 todo el d\u00eda.<\/p>\n<p>Inform\u00f3 que el seminario busca tambi\u00e9n establecer coordinaci\u00f3n y colaboraci\u00f3n entre el sector p\u00fablico-privado-academia a nivel nacional y regional para promover el m\u00e1ximo impacto de sinergias en miras a la llegada masiva de sargazo.<\/p>\n<p>Expres\u00f3 que con este seminario se da un paso concreto para identificar oportunidades en torno a la detecci\u00f3n, predicci\u00f3n, retenci\u00f3n, recolecci\u00f3n y aprovechamiento del sargazo que apoyen la formulaci\u00f3n de pol\u00edticas p\u00fablicas para mitigar los efectos negativos del mismo.<\/p>\n<p>En el seminario participaron rectores universitarios, expertos en el tema del sargazo, empresarios tur\u00edsticos, adem\u00e1s de autoridades oficiales.<\/p>\n<\/div>\n","protected":false},"excerpt":{"rendered":"<p>Collado dice que este es un nuevo paso que busca promover mejores pr\u00e1cticas para el manejo integral del sargazo Santo Domingo.-El presidente Luis Abinader y el ministro de Turismo, David&hellip; <\/p>\n","protected":false},"author":2,"featured_media":2721,"comment_status":"closed","ping_status":"closed","sticky":false,"template":"","format":"standard","meta":{"fifu_image_url":"https:\/\/i0.wp.com\/www.mitur.gob.do\/wp-content\/uploads\/2023\/04\/Apertura-Seminario-Sargazo-768x459.webp?resize=768,459&ssl=1","fifu_image_alt":"Presidente Abinader y ministro de Turismo encabezan seminario internacional sobre el sargazo","footnotes":""},"categories":[63],"tags":[],"class_list":["post-2720","post","type-post","status-publish","format-standard","has-post-thumbnail","hentry","category-actualidad"],"_links":{"self":[{"href":"https:\/\/elmundodelapolitica.com\/v1\/wp-json\/wp\/v2\/posts\/2720","targetHints":{"allow":["GET"]}}],"collection":[{"href":"https:\/\/elmundodelapolitica.com\/v1\/wp-json\/wp\/v2\/posts"}],"about":[{"href":"https:\/\/elmundodelapolitica.com\/v1\/wp-json\/wp\/v2\/types\/post"}],"author":[{"embeddable":true,"href":"https:\/\/elmundodelapolitica.com\/v1\/wp-json\/wp\/v2\/users\/2"}],"replies":[{"embeddable":true,"href":"https:\/\/elmundodelapolitica.com\/v1\/wp-json\/wp\/v2\/comments?post=2720"}],"version-history":[{"count":0,"href":"https:\/\/elmundodelapolitica.com\/v1\/wp-json\/wp\/v2\/posts\/2720\/revisions"}],"wp:featuredmedia":[{"embeddable":true,"href":"https:\/\/elmundodelapolitica.com\/v1\/wp-json\/wp\/v2\/media\/2721"}],"wp:attachment":[{"href":"https:\/\/elmundodelapolitica.com\/v1\/wp-json\/wp\/v2\/media?parent=2720"}],"wp:term":[{"taxonomy":"category","embeddable":true,"href":"https:\/\/elmundodelapolitica.com\/v1\/wp-json\/wp\/v2\/categories?post=2720"},{"taxonomy":"post_tag","embeddable":true,"href":"https:\/\/elmundodelapolitica.com\/v1\/wp-json\/wp\/v2\/tags?post=2720"}],"curies":[{"name":"wp","href":"https:\/\/api.w.org\/{rel}","templated":true}]}}