{"id":271,"date":"2022-05-10T12:22:55","date_gmt":"2022-05-10T16:22:55","guid":{"rendered":"http:\/\/www.elmundodelapolitica.com\/v2\/?p=25316"},"modified":"2022-05-10T12:22:55","modified_gmt":"2022-05-10T16:22:55","slug":"pou-considera-policia-no-capacitada-intervenir-casos-crisis-psiquiatricas-u-otras","status":"publish","type":"post","link":"https:\/\/elmundodelapolitica.com\/v1\/pou-considera-policia-no-capacitada-intervenir-casos-crisis-psiquiatricas-u-otras\/","title":{"rendered":"Pou considera Polic\u00eda no capacitada intervenir casos crisis psiqui\u00e1tricas u otras"},"content":{"rendered":"\n<p>Santo Domingo, R.D. Mayo 9, 2022.- El polit\u00f3logo y experto en seguridad ciudadana, Daniel Pou Suazo, afirm\u00f3 que ha advertido que la Polic\u00eda Nacional no est\u00e1 capacitada para intervenir en casos donde se encuentren personas especiales o con crisis psiqui\u00e1tricas, bajo los efectos de drogas, alcohol u otras sustancias que alteren la conducta humana.<\/p>\n\n\n\n<p>Pou Suazo inform\u00f3 que desde hace a\u00f1os viene proponiendo que el proceso de capacitaci\u00f3n de los miembros de la instituci\u00f3n del orden incluya el entrenamiento para dichos casos y que existan c\u00e1rceles en los recintos para las personas detenidas que presenten conductas fuera de lo normal, pero con todos los protocolos que hay dise\u00f1ados para tales fines.<\/p>\n\n\n\n<p>\u201cLamentablemente en una celda de un destacamento a veces se mezclan mujeres con hombres, ni\u00f1os con adultos, delincuentes de alta peligrosidad con personas que han infringido algunas leyes del pa\u00eds, que puede ser hasta de tr\u00e1nsito\u201d, expres\u00f3 al ser entrevistado en el programa Toque Final con Julio Mart\u00ednez Pozo que se transmite por Antena 7.<\/p>\n\n\n\n<p>Dijo que las personas detenidas son expuestas a compartir con individuos que suelen ser violentos y tener un historial delictivo sumamente dilatado.<\/p>\n\n\n\n<p>El experto en seguridad ciudadana deplor\u00f3 el hecho de que la Rep\u00fablica Dominicana durante d\u00e9cadas ha preferido tener una Polic\u00eda Nacional \"cenicienta\", sumida en una situaci\u00f3n de servidumbre, donde la capacitaci\u00f3n, preparaci\u00f3n y evaluaci\u00f3n de las personas que deben integrar el cuerpo del orden no son elementos sustentables ni tomados en cuenta al momento de ser incorporados.<\/p>\n\n\n\n<p>Precis\u00f3, adem\u00e1s, que la dignificaci\u00f3n de la carrera policial es el primer pilar que debe ostentar cualquier proceso de transformaci\u00f3n de la instituci\u00f3n. \u201cYo no hablo de reforma policial, porque se reforma lo que funciona con alg\u00fan defecto, hablo de transformaci\u00f3n\u201d, expres\u00f3.<\/p>\n\n\n\n<p>Afirm\u00f3 que la instituci\u00f3n del orden desde hace muchas d\u00e9cadas ha abandonado sus preceptos misionales y por tanto, no responde a las necesidades de la poblaci\u00f3n.<\/p>\n\n\n\n<p>Pou Suazo cree que el cuerpo del orden no puede convertirse en un ariete de una pol\u00edtica p\u00fablica de seguridad ciudadana, primero porque sus miembros no est\u00e1n en capacidad y segundo porque la imagen que tiene la poblaci\u00f3n de la Polic\u00eda Nacional es deplorable.<\/p>\n\n\n\n<p>Indic\u00f3 que entre las metas fundamentales que tiene que garantizar un proceso de transformaci\u00f3n de la Polic\u00eda est\u00e1n la confianza mutua y la transparencia, para lo cual se requiere dinero porque a su entender, no se logra s\u00f3lo con ret\u00f3rica te\u00f3rica e intelectual, sino que hay que dignificar la vida de los polic\u00edas.<\/p>\n\n\n\n<p>\u201cNo podemos seguir teniendo personas excluidas con uniforme de polic\u00edas que cuando se ven frente a un ciudadano digno y serio viertan sobre este todo su resentimiento, porque son oprimidos, no se les respeta y se les trata como una servidumbre en la instituci\u00f3n donde laboran\u201d, manifest\u00f3 Pou Suazo.<\/p>\n\n\n\n<p>Asegur\u00f3 que los polic\u00edas no se sienten parte ni comprometidos con ning\u00fan cuerpo porque a esa instituci\u00f3n hace mucho se le dren\u00f3 el esp\u00edritu de cuerpo.<\/p>\n\n\n\n<p>Hizo un llamado a las autoridades a invertir en la Polic\u00eda, en capacitaci\u00f3n y dignificaci\u00f3n porque vale la pena, hoy m\u00e1s que nunca.<\/p>\n","protected":false},"excerpt":{"rendered":"<p>Santo Domingo, R.D. Mayo 9, 2022.- El polit\u00f3logo y experto en seguridad ciudadana, Daniel Pou Suazo, afirm\u00f3 que ha advertido que la Polic\u00eda Nacional no est\u00e1 capacitada para intervenir en&hellip; <\/p>\n","protected":false},"author":2,"featured_media":272,"comment_status":"closed","ping_status":"open","sticky":false,"template":"","format":"standard","meta":{"fifu_image_url":"","fifu_image_alt":"","footnotes":""},"categories":[16],"tags":[],"class_list":["post-271","post","type-post","status-publish","format-standard","has-post-thumbnail","hentry","category-seguridad"],"_links":{"self":[{"href":"https:\/\/elmundodelapolitica.com\/v1\/wp-json\/wp\/v2\/posts\/271","targetHints":{"allow":["GET"]}}],"collection":[{"href":"https:\/\/elmundodelapolitica.com\/v1\/wp-json\/wp\/v2\/posts"}],"about":[{"href":"https:\/\/elmundodelapolitica.com\/v1\/wp-json\/wp\/v2\/types\/post"}],"author":[{"embeddable":true,"href":"https:\/\/elmundodelapolitica.com\/v1\/wp-json\/wp\/v2\/users\/2"}],"replies":[{"embeddable":true,"href":"https:\/\/elmundodelapolitica.com\/v1\/wp-json\/wp\/v2\/comments?post=271"}],"version-history":[{"count":0,"href":"https:\/\/elmundodelapolitica.com\/v1\/wp-json\/wp\/v2\/posts\/271\/revisions"}],"wp:featuredmedia":[{"embeddable":true,"href":"https:\/\/elmundodelapolitica.com\/v1\/wp-json\/wp\/v2\/media\/272"}],"wp:attachment":[{"href":"https:\/\/elmundodelapolitica.com\/v1\/wp-json\/wp\/v2\/media?parent=271"}],"wp:term":[{"taxonomy":"category","embeddable":true,"href":"https:\/\/elmundodelapolitica.com\/v1\/wp-json\/wp\/v2\/categories?post=271"},{"taxonomy":"post_tag","embeddable":true,"href":"https:\/\/elmundodelapolitica.com\/v1\/wp-json\/wp\/v2\/tags?post=271"}],"curies":[{"name":"wp","href":"https:\/\/api.w.org\/{rel}","templated":true}]}}