{"id":2704,"date":"2023-04-25T11:09:39","date_gmt":"2023-04-25T15:09:39","guid":{"rendered":"https:\/\/elmundodelapolitica.com\/v1\/?p=2704"},"modified":"2023-04-25T11:09:39","modified_gmt":"2023-04-25T15:09:39","slug":"celebra-grupo-imm-gestion-del-cambio-su-8o-congreso","status":"publish","type":"post","link":"https:\/\/elmundodelapolitica.com\/v1\/celebra-grupo-imm-gestion-del-cambio-su-8o-congreso\/","title":{"rendered":"Celebra GRUPO IMm | Gesti\u00f3n del Cambio su 8\u00ba Congreso"},"content":{"rendered":"<div>\n<p>El Grupo iMm | <a href=\"https:\/\/institutodegestiondelcambio.com\/congresos\/\">Instituto Gesti\u00f3n de Cambio<\/a> celebra, el d\u00eda 27 de abril, su octavo Congreso en Madrid.<\/p>\n<p>El Congreso Gesti\u00f3n del Cambio es un evento anual que re\u00fane a expertos en Gesti\u00f3n del Cambio empresarial y organizacional para discutir las \u00faltimas tendencias en la Gesti\u00f3n del Cambio.<\/p>\n<p>El objetivo del Congreso es proporcionar a los participantes herramientas y\u00a0 experiencias pr\u00e1cticas para liderar el cambio en sus organizaciones, adem\u00e1s de dar a conocer las \u00faltimas tendencias y buenas pr\u00e1cticas para lograr el \u00e9xito en un entorno empresarial cada vez m\u00e1s cambiante.\u00a0<\/p>\n<p>El Congreso de Gesti\u00f3n del Cambio es un HUB para profesionales del cambio, un lugar para conectar con otros profesionales, para intercambiar opiniones, experiencias y establecer contactos profesionales valiosos.<\/p>\n<p>Durante el Congreso, los asistentes tendr\u00e1n la oportunidad de escuchar a 23 expertos en Gesti\u00f3n del Cambio, l\u00edderes empresariales exitosos y expertos en Gesti\u00f3n del Cambio, as\u00ed como de participar de un caf\u00e9 y comida networking y formar parte de un estudio del Observatorio de Gesti\u00f3n del Cambio. El Congreso es una oportunidad \u00fanica para aprender de los mejores y conectarse con otros profesionales de la Gesti\u00f3n del Cambio.<\/p>\n<p>El 8\u00ba Congreso de Gesti\u00f3n del Cambio est\u00e1 dividido en tres bloques por la ma\u00f1ana y una mesa redonda interactiva por la tarde.\u00a0<\/p>\n<p>El Congreso est\u00e1 organizado con mesas y ponencias individuales\u00a0 a cargo de expertos que hablar\u00e1n de estrategias, alianzas estrat\u00e9gicas, medici\u00f3n del cambio, casos de \u00e9xito o de la importancia de los l\u00edderes que deber\u00e1n encabezar y mantener los nuevos m\u00e9todos.<\/p>\n<p>El cierre del Congreso ser\u00e1 al estilo IMmers, un final disruptivo de alto impacto que servir\u00e1 de inspiraci\u00f3n a las corporaciones.\u00a0<\/p>\n<p>En un contexto global de incertidumbre, incremento de costes y de retos tecnol\u00f3gicos, es necesario abrir la puerta a la Gesti\u00f3n de Cambio para conseguir compa\u00f1\u00edas m\u00e1s eficientes, sostenibles y, sobre todo, que sean capaces de adaptarse a la nueva demanda del mercado internacional desde la captaci\u00f3n de talento.<\/p>\n<p>\u201cAunque es habitual que las empresas, al principio, sientan v\u00e9rtigo, l<strong>a Gesti\u00f3n del Cambio<\/strong> es la disciplina que facilita la implementaci\u00f3n de las estrategias de forma exitosa de los procesos de transformaci\u00f3n y es necesaria para la adaptaci\u00f3n a las novedades y a la demanda del mercado. Con la metodolog\u00eda propia del Grupo IMm y con los consejos que se escuchar\u00e1n en el Congreso, se pondr\u00e1n sobre la mesa las herramientas necesarias para el \u00e9xito.<\/p>\n<p>Como titula la CEO del Instituto de Gesti\u00f3n del Cambio, Amanda Palaz\u00f3n, al\u00a0 Congreso \u201c<em> De profesi\u00f3n Gestor del Cambio\u201d.<\/em><\/p>\n<p><strong><img decoding=\"async\" src=\"https:\/\/s.w.org\/images\/core\/emoji\/14.0.0\/72x72\/1f6a9.png\" alt=\"\ud83d\udea9\" class=\"wp-smiley\" style=\"height: 1em; max-height: 1em;\"> Programa encuentro: <\/strong><a href=\"https:\/\/institutodegestiondelcambio.com\/wp-content\/uploads\/2023\/04\/PROGRAMA-8-GCC-9.pdf\">https:\/\/institutodegestiondelcambio.com\/wp-content\/uploads\/2023\/04\/PROGRAMA-8-GCC-9.pdf<\/a><\/p>\n<p><strong><img decoding=\"async\" src=\"https:\/\/s.w.org\/images\/core\/emoji\/14.0.0\/72x72\/1f6a9.png\" alt=\"\ud83d\udea9\" class=\"wp-smiley\" style=\"height: 1em; max-height: 1em;\"> Compras de entradas: <\/strong>https:\/\/www.eventbrite.com\/e\/entradas-8o-congreso-de-gestion-del-cambio-576933683177?aff=ebdssbdestsearch\u00a0<\/p>\n<\/div>\n","protected":false},"excerpt":{"rendered":"<p>El Grupo iMm | Instituto Gesti\u00f3n de Cambio celebra, el d\u00eda 27 de abril, su octavo Congreso en Madrid. El Congreso Gesti\u00f3n del Cambio es un evento anual que re\u00fane&hellip; <\/p>\n","protected":false},"author":2,"featured_media":2705,"comment_status":"closed","ping_status":"closed","sticky":false,"template":"","format":"standard","meta":{"fifu_image_url":"https:\/\/s.w.org\/images\/core\/emoji\/14.0.0\/72x72\/1f6a9.png","fifu_image_alt":"Celebra GRUPO IMm | Gesti\u00f3n del Cambio su 8\u00ba Congreso","footnotes":""},"categories":[63],"tags":[],"class_list":["post-2704","post","type-post","status-publish","format-standard","has-post-thumbnail","hentry","category-actualidad"],"_links":{"self":[{"href":"https:\/\/elmundodelapolitica.com\/v1\/wp-json\/wp\/v2\/posts\/2704","targetHints":{"allow":["GET"]}}],"collection":[{"href":"https:\/\/elmundodelapolitica.com\/v1\/wp-json\/wp\/v2\/posts"}],"about":[{"href":"https:\/\/elmundodelapolitica.com\/v1\/wp-json\/wp\/v2\/types\/post"}],"author":[{"embeddable":true,"href":"https:\/\/elmundodelapolitica.com\/v1\/wp-json\/wp\/v2\/users\/2"}],"replies":[{"embeddable":true,"href":"https:\/\/elmundodelapolitica.com\/v1\/wp-json\/wp\/v2\/comments?post=2704"}],"version-history":[{"count":0,"href":"https:\/\/elmundodelapolitica.com\/v1\/wp-json\/wp\/v2\/posts\/2704\/revisions"}],"wp:featuredmedia":[{"embeddable":true,"href":"https:\/\/elmundodelapolitica.com\/v1\/wp-json\/wp\/v2\/media\/2705"}],"wp:attachment":[{"href":"https:\/\/elmundodelapolitica.com\/v1\/wp-json\/wp\/v2\/media?parent=2704"}],"wp:term":[{"taxonomy":"category","embeddable":true,"href":"https:\/\/elmundodelapolitica.com\/v1\/wp-json\/wp\/v2\/categories?post=2704"},{"taxonomy":"post_tag","embeddable":true,"href":"https:\/\/elmundodelapolitica.com\/v1\/wp-json\/wp\/v2\/tags?post=2704"}],"curies":[{"name":"wp","href":"https:\/\/api.w.org\/{rel}","templated":true}]}}