{"id":2687,"date":"2023-04-23T21:21:02","date_gmt":"2023-04-24T01:21:02","guid":{"rendered":"https:\/\/elmundodelapolitica.com\/v1\/?p=2687"},"modified":"2023-04-23T21:21:04","modified_gmt":"2023-04-24T01:21:04","slug":"presidente-abinader-propone-gran-pacto-entre-partidos-politicos-y-sociedad-civil-para-enfrentar-cambio-climatico","status":"publish","type":"post","link":"https:\/\/elmundodelapolitica.com\/v1\/presidente-abinader-propone-gran-pacto-entre-partidos-politicos-y-sociedad-civil-para-enfrentar-cambio-climatico\/","title":{"rendered":"Presidente Abinader propone gran pacto entre partidos pol\u00edticos y sociedad civil para enfrentar cambio clim\u00e1tico"},"content":{"rendered":"\n<p>Santo Domingo.-&nbsp;<strong>El presidente Luis Abinader<\/strong>&nbsp;encabez\u00f3 la segunda reuni\u00f3n plenaria del&nbsp;<strong>Consejo Nacional para el Cambio Clim\u00e1tico y Mecanismo de Desarrollo Limpio,<\/strong>&nbsp;en la que propuso&nbsp;<strong>un gran pacto&nbsp;<\/strong>entre el Gobierno, partidos pol\u00edticos y dem\u00e1s sectores que conforman la sociedad, a trav\u00e9s del cual se articulen&nbsp;<strong>esfuerzos para enfrentar el cambio clim\u00e1tico, de manera inclusiva, transversal y efectiva.<\/strong><\/p>\n\n\n\n<p>Esta problem\u00e1tica representa la&nbsp;<strong>mayor amenaza que enfrenta la humanidad actualmente.<\/strong><\/p>\n\n\n\n<p>El plan de trabajo abarca grandes temas como la generaci\u00f3n el\u00e9ctrica, transporte, finanzas y cooperaci\u00f3n, seguridad alimentaria, turismo, gesti\u00f3n de riesgo, industrias, ecosistema, biodiversidad y bosques y un espacio transversal para la planificaci\u00f3n.&nbsp;<\/p>\n\n\n\n<p>Desde su creaci\u00f3n, esta es la&nbsp;<strong>segunda reuni\u00f3n plenaria&nbsp;<\/strong>del Consejo Nacional para el Cambio Clim\u00e1tico y Mecanismo de Desarrollo Limpio, luego de haberse celebrado&nbsp;<strong>un primer encuentro el 29 de octubre de 2020<\/strong>, lo que muestra el compromiso del actual gobierno en esta materia.<\/p>\n\n\n\n<p><em>\u201cPor primera vez un presidente est\u00e1 presidiendo esta mesa y se le est\u00e1 dando la importancia que amerita\u201d<\/em>, expres\u00f3&nbsp;<strong>Melba Segura de Grull\u00f3n<\/strong>&nbsp;en representaci\u00f3n de la sociedad civil.<\/p>\n\n\n\n<p>A la reuni\u00f3n ampliada fueron convocados los representantes de&nbsp;<strong>todos los partidos pol\u00edticos, de las universidades, del empresariado y sociedad civil.<\/strong><\/p>\n\n\n\n<figure class=\"wp-block-image\"><img decoding=\"async\" src=\"https:\/\/presidencia.gob.do\/sites\/default\/files\/content\/945cdf23-2a24-41c1-9454-a7764e19859d.jpeg\" alt=\"\"\/><\/figure>\n\n\n\n<p><strong>Avances alcanzados<\/strong><\/p>\n\n\n\n<p>Durante la reuni\u00f3n se presentaron&nbsp;<strong>algunos de los avances alcanzados&nbsp;<\/strong>hasta el momento, citando entre estos, el caso de la generaci\u00f3n de electricidad, con el cual el&nbsp;<strong>proyecto de Aceleraci\u00f3n para la Transici\u00f3n del Carb\u00f3n (ACT)<\/strong>, de los Fondos de Inversi\u00f3n Clim\u00e1ticos&nbsp;<strong>(CIF),<\/strong>&nbsp;aprobado en enero pasado, contribuir\u00e1 a viabilizar t\u00e9cnica y econ\u00f3micamente una&nbsp;<strong>transici\u00f3n energ\u00e9tica justa<\/strong>.<\/p>\n\n\n\n<p>Tambi\u00e9n se logr\u00f3 la aprobaci\u00f3n de otro proyecto del CIF para apoyar la&nbsp;<strong>agricultura clim\u00e1ticamente inteligente en la cuenca del r\u00edo Yuna.<\/strong>&nbsp;<\/p>\n\n\n\n<p>Adem\u00e1s, fueron seleccionadas las&nbsp;<strong>dos iniciativas presentadas por el pa\u00eds&nbsp;<\/strong>ante el programa de apoyo para peque\u00f1os estados insulares, conocido como&nbsp;<strong>IRIS<\/strong>, de la Coalici\u00f3n para las Infraestructuras Resilientes ante desastres&nbsp;<strong>(CDRI)<\/strong>, que permitir\u00e1 al Centro de Operaciones de Emergencia&nbsp;<strong>(COE)<\/strong>&nbsp;y la Comisi\u00f3n Nacional de Emergencias&nbsp;<strong>(CNE)<\/strong>&nbsp;recibir&nbsp;<strong>apoyo econ\u00f3mico, no reembolsable,<\/strong>&nbsp;para mejorar sus capacidades de&nbsp;<strong>gesti\u00f3n de riesgos<\/strong>&nbsp;e implementaci\u00f3n del sistema de&nbsp;<strong>alertas tempranas.<\/strong><\/p>\n\n\n\n<p><strong>Consejo Nacional para el Cambio Clim\u00e1tico y Mecanismo de Desarrollo Limpio<\/strong><\/p>\n\n\n\n<p>Sus objetivos principales son formular, dise\u00f1ar y ejecutar las pol\u00edticas p\u00fablicas necesarias para la&nbsp;<strong>prevenci\u00f3n y mitigaci\u00f3n de las emisiones de Gases de Efecto Invernadero (CF)<\/strong>, la adaptaci\u00f3n a los efectos adversos del cambio clim\u00e1tico y promover el desarrollo de&nbsp;<strong>programas, proyectos y estrategias<\/strong>&nbsp;de acci\u00f3n clim\u00e1tica relativos al cumplimiento de los compromisos asumidos por la Rep\u00fablica Dominicana en la Convenci\u00f3n Marco de las Naciones Unidas sobre Cambio Clim\u00e1tico y los instrumentos derivados de ella, particularmente el&nbsp;<strong>Protocolo de Kyoto<\/strong>.<\/p>\n\n\n\n<p>Fue creado mediante el&nbsp;<strong>Decreto 601-08<\/strong>&nbsp;y ratificado&nbsp;<strong>por el presidente Luis Abinader a trav\u00e9s del Decreto&nbsp;<a href=\"https:\/\/presidencia.gob.do\/decretos\/348-21\">348-21<\/a><\/strong>. Es encabezado por el presidente de la Rep\u00fablica y cuenta con un vicepresidente ejecutivo, junto con un secretario que recae en la figura del ministro de Medio Ambiente y Recursos Naturales.<\/p>\n\n\n\n<p>Adem\u00e1s est\u00e1 integrado por los Ministerios de Econom\u00eda, Planificaci\u00f3n y Desarrollo; Agricultura; Relaciones Exteriores; Hacienda; Industria y Comercio; Salud P\u00fablica y Asistencia Social; Energ\u00eda y Minas; Turismo y Obras P\u00fablicas; as\u00ed como el gobernador del Banco Central de la Rep\u00fablica Dominicana; la Comisi\u00f3n Nacional de Energ\u00eda y la Superintendencia de Energ\u00eda.<\/p>\n","protected":false},"excerpt":{"rendered":"<p>Santo Domingo.-&nbsp;El presidente Luis Abinader&nbsp;encabez\u00f3 la segunda reuni\u00f3n plenaria del&nbsp;Consejo Nacional para el Cambio Clim\u00e1tico y Mecanismo de Desarrollo Limpio,&nbsp;en la que propuso&nbsp;un gran pacto&nbsp;entre el Gobierno, partidos pol\u00edticos y&hellip; <\/p>\n","protected":false},"author":2,"featured_media":2688,"comment_status":"closed","ping_status":"closed","sticky":false,"template":"","format":"standard","meta":{"fifu_image_url":"","fifu_image_alt":"","footnotes":""},"categories":[63],"tags":[],"class_list":["post-2687","post","type-post","status-publish","format-standard","has-post-thumbnail","hentry","category-actualidad"],"_links":{"self":[{"href":"https:\/\/elmundodelapolitica.com\/v1\/wp-json\/wp\/v2\/posts\/2687","targetHints":{"allow":["GET"]}}],"collection":[{"href":"https:\/\/elmundodelapolitica.com\/v1\/wp-json\/wp\/v2\/posts"}],"about":[{"href":"https:\/\/elmundodelapolitica.com\/v1\/wp-json\/wp\/v2\/types\/post"}],"author":[{"embeddable":true,"href":"https:\/\/elmundodelapolitica.com\/v1\/wp-json\/wp\/v2\/users\/2"}],"replies":[{"embeddable":true,"href":"https:\/\/elmundodelapolitica.com\/v1\/wp-json\/wp\/v2\/comments?post=2687"}],"version-history":[{"count":1,"href":"https:\/\/elmundodelapolitica.com\/v1\/wp-json\/wp\/v2\/posts\/2687\/revisions"}],"predecessor-version":[{"id":2689,"href":"https:\/\/elmundodelapolitica.com\/v1\/wp-json\/wp\/v2\/posts\/2687\/revisions\/2689"}],"wp:featuredmedia":[{"embeddable":true,"href":"https:\/\/elmundodelapolitica.com\/v1\/wp-json\/wp\/v2\/media\/2688"}],"wp:attachment":[{"href":"https:\/\/elmundodelapolitica.com\/v1\/wp-json\/wp\/v2\/media?parent=2687"}],"wp:term":[{"taxonomy":"category","embeddable":true,"href":"https:\/\/elmundodelapolitica.com\/v1\/wp-json\/wp\/v2\/categories?post=2687"},{"taxonomy":"post_tag","embeddable":true,"href":"https:\/\/elmundodelapolitica.com\/v1\/wp-json\/wp\/v2\/tags?post=2687"}],"curies":[{"name":"wp","href":"https:\/\/api.w.org\/{rel}","templated":true}]}}