{"id":265,"date":"2022-05-11T02:57:04","date_gmt":"2022-05-11T06:57:04","guid":{"rendered":"http:\/\/www.elmundodelapolitica.com\/v2\/?p=25325"},"modified":"2022-05-11T02:57:04","modified_gmt":"2022-05-11T06:57:04","slug":"detalles-reunion-secretario-blinken-con-secretario-relaciones-exteriores-mexicano-ebrard","status":"publish","type":"post","link":"https:\/\/elmundodelapolitica.com\/v1\/detalles-reunion-secretario-blinken-con-secretario-relaciones-exteriores-mexicano-ebrard\/","title":{"rendered":"Detalles reuni\u00f3n secretario Blinken con secretario Relaciones Exteriores mexicano Ebrard"},"content":{"rendered":"\n<p><strong>Washington, D.C.,<\/strong>&nbsp;Departamento de Estado de EE. UU.,&nbsp;Oficina del Portavoz,&nbsp;3 de mayo de 2022<\/p>\n\n\n\n<p>Las declaraciones a continuaci\u00f3n deben atribuirse al portavoz Ned Price:<\/p>\n\n\n\n<p>El secretario de Estado Antony J. Blinken se reuni\u00f3 hoy con el secretario de Relaciones Exteriores mexicano Marcelo Ebrard en Washington D.C. El secretario Blinken y el secretario de Relaciones Exteriores Ebrard hablaron sobre los preparativos para la Cumbre de las Am\u00e9ricas, la colaboraci\u00f3n entre EE. UU. y M\u00e9xico orientada a abordar las causas fundamentales de la migraci\u00f3n irregular y la importancia de que Am\u00e9rica del Norte sea una regi\u00f3n s\u00f3lida, estable y competitiva.<\/p>\n\n\n\n<p>El secretario Blinken destac\u00f3 que la Cumbre de las Am\u00e9ricas incrementar\u00e1 la firme colaboraci\u00f3n entre Estados Unidos y M\u00e9xico, particularmente en los temas de la Cumbre relacionados con democracia, energ\u00eda no contaminante, cambio clim\u00e1tico, tecnolog\u00eda y resiliencia ante pandemias.<\/p>\n","protected":false},"excerpt":{"rendered":"<p>Washington, D.C.,&nbsp;Departamento de Estado de EE. UU.,&nbsp;Oficina del Portavoz,&nbsp;3 de mayo de 2022 Las declaraciones a continuaci\u00f3n deben atribuirse al portavoz Ned Price: El secretario de Estado Antony J. Blinken&hellip; <\/p>\n","protected":false},"author":2,"featured_media":266,"comment_status":"closed","ping_status":"open","sticky":false,"template":"","format":"standard","meta":{"fifu_image_url":"","fifu_image_alt":"","footnotes":""},"categories":[54],"tags":[],"class_list":["post-265","post","type-post","status-publish","format-standard","has-post-thumbnail","hentry","category-politica_exterior"],"_links":{"self":[{"href":"https:\/\/elmundodelapolitica.com\/v1\/wp-json\/wp\/v2\/posts\/265","targetHints":{"allow":["GET"]}}],"collection":[{"href":"https:\/\/elmundodelapolitica.com\/v1\/wp-json\/wp\/v2\/posts"}],"about":[{"href":"https:\/\/elmundodelapolitica.com\/v1\/wp-json\/wp\/v2\/types\/post"}],"author":[{"embeddable":true,"href":"https:\/\/elmundodelapolitica.com\/v1\/wp-json\/wp\/v2\/users\/2"}],"replies":[{"embeddable":true,"href":"https:\/\/elmundodelapolitica.com\/v1\/wp-json\/wp\/v2\/comments?post=265"}],"version-history":[{"count":0,"href":"https:\/\/elmundodelapolitica.com\/v1\/wp-json\/wp\/v2\/posts\/265\/revisions"}],"wp:featuredmedia":[{"embeddable":true,"href":"https:\/\/elmundodelapolitica.com\/v1\/wp-json\/wp\/v2\/media\/266"}],"wp:attachment":[{"href":"https:\/\/elmundodelapolitica.com\/v1\/wp-json\/wp\/v2\/media?parent=265"}],"wp:term":[{"taxonomy":"category","embeddable":true,"href":"https:\/\/elmundodelapolitica.com\/v1\/wp-json\/wp\/v2\/categories?post=265"},{"taxonomy":"post_tag","embeddable":true,"href":"https:\/\/elmundodelapolitica.com\/v1\/wp-json\/wp\/v2\/tags?post=265"}],"curies":[{"name":"wp","href":"https:\/\/api.w.org\/{rel}","templated":true}]}}