{"id":2645,"date":"2023-04-20T18:21:20","date_gmt":"2023-04-20T22:21:20","guid":{"rendered":"https:\/\/elmundodelapolitica.com\/v1\/?p=2645"},"modified":"2023-04-20T18:21:22","modified_gmt":"2023-04-20T22:21:22","slug":"fuerza-del-pueblo-designa-comision-para-realizar-alianzas-entre-partidos","status":"publish","type":"post","link":"https:\/\/elmundodelapolitica.com\/v1\/fuerza-del-pueblo-designa-comision-para-realizar-alianzas-entre-partidos\/","title":{"rendered":"Fuerza del Pueblo designa comisi\u00f3n para realizar alianzas entre partidos"},"content":{"rendered":"\n<p>El partido Fuerza del Pueblo (FP) inform\u00f3  que la direcci\u00f3n pol\u00edtica design\u00f3 la comisi\u00f3n que se encargar\u00e1 de las alianzas estrat\u00e9gicas, con miras a los comicios electorales de 2024.<\/p>\n\n\n\n<p>El vicepresidente de la FP, Radham\u00e9s Jim\u00e9nez, indic\u00f3 que la delegaci\u00f3n estar\u00e1 coordinada por el dirigente Roberto Rosario, quien estar\u00e1 acompa\u00f1ado de Rafael Paz, Carlos Guzm\u00e1n, Manolo Pichardo, Angie Broocks.<\/p>\n\n\n\n<p>Tambi\u00e9n integran la agrupaci\u00f3n los dirigentes Natanael Concepci\u00f3n, Ignacio Ditrem, Adalgisa Pujols, Omar Fern\u00e1ndez, Henry Mer\u00e1n, Luis Toral, Nicol\u00e1s Calder\u00f3n y Jos\u00e9 Izquierdo.<\/p>\n\n\n\n<p>Jim\u00e9nez explic\u00f3 que esos dirigentes, miembros de la Direcci\u00f3n Central de la entidad pol\u00edtica, son quienes tienen la responsabilidad de establecer relaciones con las dem\u00e1s organizaciones pol\u00edticas para generar alianzas.<\/p>\n\n\n\n<p>\u201cLuego de los acercamientos, la comisi\u00f3n har\u00e1 las recomendaciones a la direcci\u00f3n pol\u00edtica, quien finalmente tomar\u00e1 las decisiones de los acuerdos\u201d declar\u00f3 Jim\u00e9nez.<\/p>\n","protected":false},"excerpt":{"rendered":"<p>El partido Fuerza del Pueblo (FP) inform\u00f3 que la direcci\u00f3n pol\u00edtica design\u00f3 la comisi\u00f3n que se encargar\u00e1 de las alianzas estrat\u00e9gicas, con miras a los comicios electorales de 2024. El&hellip; <\/p>\n","protected":false},"author":2,"featured_media":2646,"comment_status":"closed","ping_status":"closed","sticky":false,"template":"","format":"standard","meta":{"fifu_image_url":"","fifu_image_alt":"","footnotes":""},"categories":[63,5],"tags":[],"class_list":["post-2645","post","type-post","status-publish","format-standard","has-post-thumbnail","hentry","category-actualidad","category-partidos"],"_links":{"self":[{"href":"https:\/\/elmundodelapolitica.com\/v1\/wp-json\/wp\/v2\/posts\/2645","targetHints":{"allow":["GET"]}}],"collection":[{"href":"https:\/\/elmundodelapolitica.com\/v1\/wp-json\/wp\/v2\/posts"}],"about":[{"href":"https:\/\/elmundodelapolitica.com\/v1\/wp-json\/wp\/v2\/types\/post"}],"author":[{"embeddable":true,"href":"https:\/\/elmundodelapolitica.com\/v1\/wp-json\/wp\/v2\/users\/2"}],"replies":[{"embeddable":true,"href":"https:\/\/elmundodelapolitica.com\/v1\/wp-json\/wp\/v2\/comments?post=2645"}],"version-history":[{"count":1,"href":"https:\/\/elmundodelapolitica.com\/v1\/wp-json\/wp\/v2\/posts\/2645\/revisions"}],"predecessor-version":[{"id":2647,"href":"https:\/\/elmundodelapolitica.com\/v1\/wp-json\/wp\/v2\/posts\/2645\/revisions\/2647"}],"wp:featuredmedia":[{"embeddable":true,"href":"https:\/\/elmundodelapolitica.com\/v1\/wp-json\/wp\/v2\/media\/2646"}],"wp:attachment":[{"href":"https:\/\/elmundodelapolitica.com\/v1\/wp-json\/wp\/v2\/media?parent=2645"}],"wp:term":[{"taxonomy":"category","embeddable":true,"href":"https:\/\/elmundodelapolitica.com\/v1\/wp-json\/wp\/v2\/categories?post=2645"},{"taxonomy":"post_tag","embeddable":true,"href":"https:\/\/elmundodelapolitica.com\/v1\/wp-json\/wp\/v2\/tags?post=2645"}],"curies":[{"name":"wp","href":"https:\/\/api.w.org\/{rel}","templated":true}]}}