{"id":2617,"date":"2023-04-20T01:04:36","date_gmt":"2023-04-20T05:04:36","guid":{"rendered":"https:\/\/elmundodelapolitica.com\/v1\/?p=2617"},"modified":"2023-04-20T01:04:36","modified_gmt":"2023-04-20T05:04:36","slug":"resumen-david-herron-nombrado-director-general-de-calyx","status":"publish","type":"post","link":"https:\/\/elmundodelapolitica.com\/v1\/resumen-david-herron-nombrado-director-general-de-calyx\/","title":{"rendered":"Resumen: David Herron nombrado director general de Calyx"},"content":{"rendered":"<p>LONDRES Y BOSTON&#8211;(BUSINESS WIRE)&#8211;GLO Healthcare, plataforma sanitaria en expansi\u00f3n creada por CapVest Partners LLP, anuncia el nombramiento de David Herron como director general (CEO) de Calyx.<br \/>\nHerron aportar\u00e1 su amplia experiencia a Calyx, tras haber pasado m\u00e1s de treinta a\u00f1os creando y haciendo crecer empresas de ciencias de la vida que prestan servicios cient\u00edfico-cl\u00ednicos con tecnolog\u00eda avanzada a la industria biofarmac\u00e9utica mundial.<br \/>\nAntes de unirse a Calyx, Herron fue presidente y director general de Bioclinica (ahora parte de Clario). Durante su mandato, Bioclinica experiment\u00f3 una d\u00e9cada de crecimiento en ingresos y beneficios, lo que se tradujo en un aumento significativo del valor de la empresa que desemboc\u00f3 en la fusi\u00f3n con ERT, creando un actor importante en el sector.<br \/>\nEl comunicado en el idioma original es la versi\u00f3n oficial y autorizada del mismo. Esta traducci\u00f3n es solamente un medio de ayuda y deber\u00e1 ser comparada con el texto en idioma original, que es la \u00fanica versi\u00f3n del texto que tendr\u00e1 validez legal. Contacts<br \/>\nPara m\u00e1s informaci\u00f3n, contactar con:<br \/>\nEn nombre de GLO Healthcare:<br \/>\nBen Valdimarsson<br \/>\nReputation Inc<br \/>\nM\u00f3vil: +447889805930<br \/>\nCorreo electr\u00f3nico: bvaldimarsson@reputation-inc.com<\/p>\n","protected":false},"excerpt":{"rendered":"<div>\n<p>LONDRES Y BOSTON&#8211;(BUSINESS WIRE)&#8211;GLO Healthcare, plataforma sanitaria en expansi\u00f3n creada por CapVest Partners LLP, anuncia el nombramiento de David Herron como director general (CEO) de Calyx.<\/p>\n<p><a href=\"https:\/\/mms.businesswire.com\/media\/20230419005536\/es\/1768080\/4\/Calyx_Color_logo.jpg\"><img decoding=\"async\" src=\"https:\/\/mms.businesswire.com\/media\/20230419005533\/en\/1768080\/21\/Calyx_Color_logo.jpg\"><\/a><\/p>\n<p>\nHerron aportar\u00e1 su amplia experiencia a Calyx, tras haber pasado m\u00e1s de treinta a\u00f1os creando y haciendo crecer empresas de ciencias de la vida que prestan servicios cient\u00edfico-cl\u00ednicos con tecnolog\u00eda avanzada a la industria biofarmac\u00e9utica mundial.<\/p>\n<p>\nAntes de unirse a Calyx, Herron fue presidente y director general de Bioclinica (ahora parte de Clario). Durante su mandato, Bioclinica experiment\u00f3 una d\u00e9cada de crecimiento en ingresos y beneficios, lo que se tradujo en un aumento significativo del valor de la empresa que desemboc\u00f3 en la fusi\u00f3n con ERT, creando un actor importante en el sector.<\/p>\n<p>\nEl comunicado en el idioma original es la versi\u00f3n oficial y autorizada del mismo. Esta traducci\u00f3n es solamente un medio de ayuda y deber\u00e1 ser comparada con el texto en idioma original, que es la \u00fanica versi\u00f3n del texto que tendr\u00e1 validez legal.<\/p>\n<p> <b>Contacts<\/b> <\/p>\n<p>\n<b>Para m\u00e1s informaci\u00f3n, contactar con:<\/b><\/p>\n<p>\n<b>En nombre de GLO Healthcare:<\/b><\/p>\n<p>\nBen Valdimarsson<br \/>\n<br \/>Reputation Inc<br \/>\n<br \/>M\u00f3vil: +447889805930<br \/>\n<br \/>Correo electr\u00f3nico: <a target=\"_blank\" href=\"mailto:bvaldimarsson@reputation-inc.com\" rel=\"nofollow noopener\">bvaldimarsson@reputation-inc.com<\/a><\/p>\n<\/div>\n","protected":false},"author":2,"featured_media":2618,"comment_status":"closed","ping_status":"closed","sticky":false,"template":"","format":"standard","meta":{"fifu_image_url":"https:\/\/mms.businesswire.com\/media\/20230419005533\/en\/1768080\/21\/Calyx_Color_logo.jpg","fifu_image_alt":"Resumen: David Herron nombrado director general de Calyx","footnotes":""},"categories":[44],"tags":[],"class_list":["post-2617","post","type-post","status-publish","format-standard","has-post-thumbnail","hentry","category-business-wire"],"_links":{"self":[{"href":"https:\/\/elmundodelapolitica.com\/v1\/wp-json\/wp\/v2\/posts\/2617","targetHints":{"allow":["GET"]}}],"collection":[{"href":"https:\/\/elmundodelapolitica.com\/v1\/wp-json\/wp\/v2\/posts"}],"about":[{"href":"https:\/\/elmundodelapolitica.com\/v1\/wp-json\/wp\/v2\/types\/post"}],"author":[{"embeddable":true,"href":"https:\/\/elmundodelapolitica.com\/v1\/wp-json\/wp\/v2\/users\/2"}],"replies":[{"embeddable":true,"href":"https:\/\/elmundodelapolitica.com\/v1\/wp-json\/wp\/v2\/comments?post=2617"}],"version-history":[{"count":0,"href":"https:\/\/elmundodelapolitica.com\/v1\/wp-json\/wp\/v2\/posts\/2617\/revisions"}],"wp:featuredmedia":[{"embeddable":true,"href":"https:\/\/elmundodelapolitica.com\/v1\/wp-json\/wp\/v2\/media\/2618"}],"wp:attachment":[{"href":"https:\/\/elmundodelapolitica.com\/v1\/wp-json\/wp\/v2\/media?parent=2617"}],"wp:term":[{"taxonomy":"category","embeddable":true,"href":"https:\/\/elmundodelapolitica.com\/v1\/wp-json\/wp\/v2\/categories?post=2617"},{"taxonomy":"post_tag","embeddable":true,"href":"https:\/\/elmundodelapolitica.com\/v1\/wp-json\/wp\/v2\/tags?post=2617"}],"curies":[{"name":"wp","href":"https:\/\/api.w.org\/{rel}","templated":true}]}}