{"id":2612,"date":"2023-04-19T15:30:22","date_gmt":"2023-04-19T19:30:22","guid":{"rendered":"https:\/\/elmundodelapolitica.com\/v1\/?p=2612"},"modified":"2023-04-19T15:30:22","modified_gmt":"2023-04-19T19:30:22","slug":"vicepresidenta-pena-y-el-embajador-espanol-en-el-pais-inauguran-las-iii-jornadas-stic-punta-cana","status":"publish","type":"post","link":"https:\/\/elmundodelapolitica.com\/v1\/vicepresidenta-pena-y-el-embajador-espanol-en-el-pais-inauguran-las-iii-jornadas-stic-punta-cana\/","title":{"rendered":"Vicepresidenta Pe\u00f1a y el embajador espa\u00f1ol en el pa\u00eds inauguran las III Jornadas STIC Punta Cana"},"content":{"rendered":"<div>\n<p>Punta Cana. \u2013 La vicepresidenta de la Rep\u00fablica,\u00a0<strong>Raquel Pe\u00f1a<\/strong>, y el embajador de Espa\u00f1a en el pa\u00eds,\u00a0<strong>Antonio P\u00e9rez-Hern\u00e1ndez y Torra<\/strong>, inauguraron este mi\u00e9rcoles las\u00a0<a href=\"https:\/\/presidencia.gob.do\/noticias\/vicepresidenta-raquel-pena-la-seguridad-del-ciberespacio-es-una-plataforma-firme-para-el\"><strong>III Jornadas STIC \u2013 Cap\u00edtulo Rep\u00fablica Dominicana<\/strong><\/a>, encuentro de\u00a0<strong>ciberseguridad<\/strong>\u00a0de referencia a nivel internacional que se celebrar\u00e1 hasta el viernes 21 de abril en Punta Cana bajo el lema\u00a0<strong>\u201cUn ciberescudo \u00fanico para Iberoam\u00e9rica. El intercambio es la clave\u201d.<\/strong><\/p>\n<p>Durante la pronunciaci\u00f3n de las palabras de apertura, la vicemandataria manifest\u00f3 que la\u00a0<strong>transformaci\u00f3n digital se ha convertido hoy en una necesidad<\/strong>\u00a0y que los beneficios que de ella se derivan ofrecen a las empresas e instituciones una\u00a0<strong>ventaja competitiva<\/strong>. Al mismo tiempo, aumentan los niveles de confianza de la poblaci\u00f3n y generan nuevas oportunidades de desarrollo para los ciudadanos.<\/p>\n<p>Expres\u00f3 que en la medida en que se trabaje en conjunto para que el ciberespacio sea cada vez un\u00a0<strong>universo m\u00e1s confiable y seguro<\/strong>, se fortalecen las oportunidades para el tejido productivo, se fomenta la inversi\u00f3n en tecnolog\u00eda, se motiva el emprendimiento e innovaci\u00f3n tecnol\u00f3gica y se generan m\u00e1s empleos.<\/p>\n<p><em>\u201cCiertamente, hemos mejorado sustancialmente en t\u00e9rminos de seguridad cibern\u00e9tica y, sin dudas, eventos como este que se desarrollar\u00e1 en nuestro pa\u00eds durante estos tres d\u00edas, nos ayudar\u00e1n a seguir robusteciendo las infraestructuras tecnol\u00f3gicas, no solo de nuestro pa\u00eds, sino de toda la regi\u00f3n de Iberoam\u00e9rica para lograr juntos un ciberespacio m\u00e1s seguro, confiable y resiliente\u201d<\/em>, a\u00f1adi\u00f3.\u00a0<\/p>\n<p>Por su parte, el embajador de Espa\u00f1a en Rep\u00fablica Dominicana resalt\u00f3 la necesidad de\u00a0<em>\u201cpromover la sensibilizaci\u00f3n y formaci\u00f3n en materia de ciberseguridad\u201d<\/em>\u00a0en los pa\u00edses iberoamericanos, as\u00ed como una\u00a0<em>\u201ccooperaci\u00f3n efectiva\u201d\u00a0<\/em>entre los mismos.<\/p>\n<p>Al respecto, Antonio P\u00e9rez-Hern\u00e1ndez ha recordado que\u00a0<em>\u201cnuestros profundos y estrechos v\u00ednculos hist\u00f3ricos, culturales y ling\u00fc\u00edsticos,l deben ser el motor de esta actividad.\u201d<\/em><\/p>\n<figure class=\"wp-block-image\"><img decoding=\"async\" src=\"https:\/\/i0.wp.com\/presidencia.gob.do\/sites\/default\/files\/content\/06.jpeg?w=1110&amp;ssl=1\" alt=\"\" data-recalc-dims=\"1\"><\/figure>\n<p><strong>Un ciberescudo \u00fanico para Iberoam\u00e9rica. El intercambio es la clave<\/strong><\/p>\n<p>Las Jornadas, que durante tres d\u00edas reunir\u00e1n a los principales actores de ciberseguridad de Iberoam\u00e9rica, han sido organizadas por el Centro Criptol\u00f3gico Nacional\u00a0<strong>(CCN)<\/strong>\u00a0del Centro Nacional de Inteligencia, el Instituto Nacional de Ciberseguridad\u00a0<strong>(INCIBE)<\/strong>, entidad dependiente del Ministerio de Asuntos Econ\u00f3micos y Transformaci\u00f3n Digital, a trav\u00e9s de la Secretar\u00eda de Estado de Digitalizaci\u00f3n e Inteligencia Artificial, el Mando Conjunto del Ciberespacio\u00a0<strong>(MCCE)<\/strong>\u00a0de Espa\u00f1a y el Departamento Nacional de Investigaciones\u00a0<strong>(DNI)<\/strong>\u00a0de Rep\u00fablica Dominicana.<\/p>\n<p>Cuenta, adem\u00e1s, con el apoyo institucional de la Organizaci\u00f3n de Estados Americanos\u00a0<strong>(OEA)<\/strong>\u00a0y el Banco Interamericano de Desarrollo\u00a0<strong>(BID)<\/strong>. Participan como colaboradores institucionales el Centro Nacional de Ciberseguridad, la Procuradur\u00eda General de la Rep\u00fablica, la Oficina Gubernamental de Tecnolog\u00edas de la Informaci\u00f3n y Comunicaci\u00f3n (OGTIC), el Instituto Tecnol\u00f3gico de las Am\u00e9ricas, el Banco Central y el Ministerio de Defensa de Rep\u00fablica Dominicana.<\/p>\n<p>Tras la inauguraci\u00f3n, tuvo lugar una mesa redonda bajo el t\u00edtulo\u00a0<strong>\u201cUn ciberescudo \u00fanico para Iberoam\u00e9rica. El intercambio es la clave\u201d,<\/strong>\u00a0con representantes de las tres entidades espa\u00f1olas organizadoras.<\/p>\n<p><strong>Luis Jim\u00e9nez<\/strong>, subdirector general del Centro Criptol\u00f3gico Nacional; el general\u00a0<strong>Rafael Garc\u00eda Hern\u00e1ndez<\/strong>, del Mando Conjunto del Ciberespacio, y\u00a0<strong>Victoria Valbuena Guti\u00e9rrez<\/strong>, del Instituto Nacional de Ciberseguridad, expusieron el papel de sus respectivas entidades en la protecci\u00f3n del ciberespacio espa\u00f1ol.<\/p>\n<figure class=\"wp-block-image\"><img decoding=\"async\" src=\"https:\/\/i0.wp.com\/presidencia.gob.do\/sites\/default\/files\/content\/05 (1).jpeg?w=1110&amp;ssl=1\" alt=\"\" data-recalc-dims=\"1\"><\/figure>\n<p>De la misma manera, se desarrollaron charlas que abordaron temas como la lucha contra el\u00a0<strong>cibercrimen,<\/strong>\u00a0la defensa contra las amenazas persistentes avanzadas, la investigaci\u00f3n de incidentes de ciberseguridad,\u00a0<strong>el intercambio seguro<\/strong>\u00a0y la lucha contra los ciberataques a trav\u00e9s de la\u00a0<strong>inteligencia artificial<\/strong>.<\/p>\n<p>El programa de la III Jornadas STIC acoger\u00e1 tambi\u00e9n en los pr\u00f3ximos d\u00edas una\u00a0<strong>segunda mesa redonda<\/strong>\u00a0para debatir sobre las\u00a0<strong>oportunidades y retos<\/strong>\u00a0de la industria de la ciberseguridad y las\u00a0<strong>mejores pr\u00e1cticas<\/strong>\u00a0en ambos lados del Atl\u00e1ntico.\u00a0<\/p>\n<p>Para finalizar, presidir\u00e1n la clausura del evento, el 21 de abril, la secretaria de Estado directora del CNI,\u00a0<strong>Esperanza Casteleiro<\/strong>, y el director del Departamento Nacional de Investigaciones (DNI) de Rep\u00fablica Dominicana,\u00a0<strong>Luis Soto<\/strong>.<\/p>\n<p>Durante los tres d\u00edas de celebraci\u00f3n de las Jornadas #STICPUNTACANA, y con el objetivo de fomentar la formaci\u00f3n y capacitaci\u00f3n t\u00e9cnica en ciberseguridad, se est\u00e1n impartiendo\u00a0<strong>diferentes talleres t\u00e9cnicos sobre diversas tem\u00e1ticas de ciberseguridad<\/strong>\u00a0que complementar\u00e1n las conferencias ofrecidas en el programa oficial.<\/p>\n<\/div>\n","protected":false},"excerpt":{"rendered":"<p>Punta Cana. \u2013 La vicepresidenta de la Rep\u00fablica,\u00a0Raquel Pe\u00f1a, y el embajador de Espa\u00f1a en el pa\u00eds,\u00a0Antonio P\u00e9rez-Hern\u00e1ndez y Torra, inauguraron este mi\u00e9rcoles las\u00a0III Jornadas STIC \u2013 Cap\u00edtulo Rep\u00fablica Dominicana,&hellip; <\/p>\n","protected":false},"author":2,"featured_media":2613,"comment_status":"closed","ping_status":"closed","sticky":false,"template":"","format":"standard","meta":{"fifu_image_url":"https:\/\/i0.wp.com\/presidencia.gob.do\/sites\/default\/files\/content\/06.jpeg?w=1110&ssl=1","fifu_image_alt":"Vicepresidenta Pe\u00f1a y el embajador espa\u00f1ol en el pa\u00eds inauguran las III Jornadas STIC Punta Cana","footnotes":""},"categories":[63],"tags":[],"class_list":["post-2612","post","type-post","status-publish","format-standard","has-post-thumbnail","hentry","category-actualidad"],"_links":{"self":[{"href":"https:\/\/elmundodelapolitica.com\/v1\/wp-json\/wp\/v2\/posts\/2612","targetHints":{"allow":["GET"]}}],"collection":[{"href":"https:\/\/elmundodelapolitica.com\/v1\/wp-json\/wp\/v2\/posts"}],"about":[{"href":"https:\/\/elmundodelapolitica.com\/v1\/wp-json\/wp\/v2\/types\/post"}],"author":[{"embeddable":true,"href":"https:\/\/elmundodelapolitica.com\/v1\/wp-json\/wp\/v2\/users\/2"}],"replies":[{"embeddable":true,"href":"https:\/\/elmundodelapolitica.com\/v1\/wp-json\/wp\/v2\/comments?post=2612"}],"version-history":[{"count":0,"href":"https:\/\/elmundodelapolitica.com\/v1\/wp-json\/wp\/v2\/posts\/2612\/revisions"}],"wp:featuredmedia":[{"embeddable":true,"href":"https:\/\/elmundodelapolitica.com\/v1\/wp-json\/wp\/v2\/media\/2613"}],"wp:attachment":[{"href":"https:\/\/elmundodelapolitica.com\/v1\/wp-json\/wp\/v2\/media?parent=2612"}],"wp:term":[{"taxonomy":"category","embeddable":true,"href":"https:\/\/elmundodelapolitica.com\/v1\/wp-json\/wp\/v2\/categories?post=2612"},{"taxonomy":"post_tag","embeddable":true,"href":"https:\/\/elmundodelapolitica.com\/v1\/wp-json\/wp\/v2\/tags?post=2612"}],"curies":[{"name":"wp","href":"https:\/\/api.w.org\/{rel}","templated":true}]}}