{"id":2608,"date":"2023-04-19T09:31:13","date_gmt":"2023-04-19T13:31:13","guid":{"rendered":"https:\/\/elmundodelapolitica.com\/v1\/?p=2608"},"modified":"2023-04-19T09:31:13","modified_gmt":"2023-04-19T13:31:13","slug":"rd-se-posiciona-como-referente-regional-en-temas-de-proteccion-radiologica","status":"publish","type":"post","link":"https:\/\/elmundodelapolitica.com\/v1\/rd-se-posiciona-como-referente-regional-en-temas-de-proteccion-radiologica\/","title":{"rendered":"RD se posiciona como referente regional en temas de protecci\u00f3n radiol\u00f3gica"},"content":{"rendered":"<div>\n<p>Santo Domingo.-<strong>\u00a0La Rep\u00fablica Dominicana<\/strong>\u00a0se ha convertido en un\u00a0<strong>referente regional en temas de protecci\u00f3n radiol\u00f3gica.\u00a0<\/strong>As\u00ed qued\u00f3 demostrado en el\u00a0<strong>\u00abCongreso Educativo para Conmemorar el D\u00eda de la Protecci\u00f3n Radiol\u00f3gica\u00bb,<\/strong>\u00a0actividad en la que participaron especialistas nacionales e internacionales, organizada por la\u00a0<strong>Comisi\u00f3n Nacional de Energ\u00eda (CNE), desde su Direcci\u00f3n Nuclear<\/strong>, como parte de su labor educativa y cient\u00edfica.<\/p>\n<p>En este congreso se comparti\u00f3 un panorama de los logros que ha tenido el pa\u00eds en los \u00faltimos 2 a\u00f1os, siendo el\u00a0<strong>segundo pa\u00eds en Latinoam\u00e9rica en tener la mejor tecnolog\u00eda en equipos radiol\u00f3gicos.<\/strong><\/p>\n<p>Durante su intervenci\u00f3n,\u00a0<strong>Edward Veras, director ejecutivo de la CNE<\/strong>, present\u00f3 un panorama sobre los\u00a0<strong>avances<\/strong>del pa\u00eds, referentes a la\u00a0<strong>regulaci\u00f3n del uso de elementos que producen radiaciones ionizantes<\/strong>.<\/p>\n<p><em>\u201cRep\u00fablica Dominicana se ha convertido en un referente regional en temas de protecci\u00f3n radiol\u00f3gica\u201d<\/em>, as\u00ed lo afirm\u00f3 Veras, durante las palabras de agradecimiento y cierre del Congreso Educativo.<\/p>\n<p>El evento, organizado por la CNE cont\u00f3 con la participaci\u00f3n del\u00a0<strong>ingeniero Ram\u00f3n Moya, Director de Planificaci\u00f3n y Desarrollo de la CNE<\/strong>, quien pronunci\u00f3 las palabras de apertura, en las cuales resalt\u00f3 que la instituci\u00f3n, a trav\u00e9s de su Direcci\u00f3n Nuclear, tiene el compromiso de verificar, rectificar y constantemente\u00a0<strong>revisar todos los equipos radiol\u00f3gicos, as\u00ed como certificar al personal que los maneja.<\/strong><\/p>\n<figure class=\"wp-block-image\"><img decoding=\"async\" src=\"https:\/\/i0.wp.com\/presidencia.gob.do\/sites\/default\/files\/content\/IMG_8261.jpeg?w=1110&amp;ssl=1\" alt=\"\" data-recalc-dims=\"1\"><\/figure>\n<p>Durante el congreso para conmemorar el D\u00eda de la Protecci\u00f3n Radiol\u00f3gica, el cual se celebra el 15 de abril de cada a\u00f1o, se desarrollaron las conferencias:\u00a0<strong>\u00abProtecci\u00f3n Radiol\u00f3gica en la Producci\u00f3n de Radiof\u00e1rmacos\u00bb,<\/strong>\u00a0a cargo del se\u00f1or Frank Montero, gerente del Centro Ciclotr\u00f3n del INCART y\u00a0<strong>\u00abProtecci\u00f3n Radiol\u00f3gica en la Radiocirug\u00eda con Gamma Knife\u201d,<\/strong>\u00a0cuyo expositor fue el se\u00f1or Herwin Speckter, gerente de Tecnolog\u00eda M\u00e9dica de CEDIMAT.<\/p>\n<p><strong>Herwin Speckter<\/strong>\u00a0expres\u00f3 que la Rep\u00fablica Dominicana es un pa\u00eds privilegiado, pues es el segundo en Latinoam\u00e9rica en tener l<strong>a mejor tecnolog\u00eda en el tipo de equipos radiol\u00f3gicos,\u00a0<\/strong>debido a su dedicaci\u00f3n, calidad, y gracias a que la CNE est\u00e1 impulsando su desarrollo a trav\u00e9s de su Direcci\u00f3n Nuclear.<\/p>\n<p>Dijo que en los \u00faltimos 20 a\u00f1os el pa\u00eds ha llegado a un mejor nivel, en comparaci\u00f3n a otros pa\u00edses de Latinoam\u00e9rica que tienen el mismo nivel socioecon\u00f3mico en tecnolog\u00eda.<\/p>\n<p>Adem\u00e1s, la importante jornada cient\u00edfico-educativa, cont\u00f3 con las conferencias<strong>\u00a0\u00abDetecci\u00f3n Temprana del C\u00e1ncer y Tratamientos: Casos de \u00c9xito\u00bb,<\/strong>\u00a0la que tuvo como expositora a la se\u00f1ora Naly Cruz, presidenta de la Sociedad Dominicana de Radioterapia Oncol\u00f3gica;<strong>\u00a0\u00abEvoluci\u00f3n de la Protecci\u00f3n Radiol\u00f3gica en Rep\u00fablica Dominicana\u201d,<\/strong>\u00a0a cargo del se\u00f1or Luciano Sbriz, asesor radiol\u00f3gico de la CNE y, por \u00faltimo, la conferencia magistral<strong>\u00a0\u00abRetos de la Protecci\u00f3n Radiol\u00f3gica en Medicina con \u00c9nfasis en los Pacientes Pedi\u00e1tricos\u00bb,<\/strong>\u00a0la que desarroll\u00f3 el se\u00f1or Eduardo Gironzini Medina, presidente de la FRALC y la Red LAPRAM, especialista en la protecci\u00f3n radiol\u00f3gica.<\/p>\n<p>La CNE sigue asumiendo su compromiso de conmemorar el D\u00eda de la Protecci\u00f3n Radiol\u00f3gica, que se celebra cada 15 de abril en Am\u00e9rica Latina y el Caribe en\u00a0<strong>homenaje al doctor Dan J. Beninson,\u00a0<\/strong>quien recibi\u00f3 el \u00abPremio Sievert\u00bb, el 15 de abril de 1996, durante el Noveno Congreso Internacional de la Asociaci\u00f3n Internacional de Protecci\u00f3n Radiol\u00f3gica (IRPA), celebrado en Viena, Austria.<\/p>\n<\/div>\n","protected":false},"excerpt":{"rendered":"<p>Santo Domingo.-\u00a0La Rep\u00fablica Dominicana\u00a0se ha convertido en un\u00a0referente regional en temas de protecci\u00f3n radiol\u00f3gica.\u00a0As\u00ed qued\u00f3 demostrado en el\u00a0\u00abCongreso Educativo para Conmemorar el D\u00eda de la Protecci\u00f3n Radiol\u00f3gica\u00bb,\u00a0actividad en la que&hellip; <\/p>\n","protected":false},"author":2,"featured_media":2609,"comment_status":"closed","ping_status":"closed","sticky":false,"template":"","format":"standard","meta":{"fifu_image_url":"https:\/\/i0.wp.com\/presidencia.gob.do\/sites\/default\/files\/content\/IMG_8261.jpeg?w=1110&ssl=1","fifu_image_alt":"RD se posiciona como referente regional en temas de protecci\u00f3n radiol\u00f3gica","footnotes":""},"categories":[63],"tags":[],"class_list":["post-2608","post","type-post","status-publish","format-standard","has-post-thumbnail","hentry","category-actualidad"],"_links":{"self":[{"href":"https:\/\/elmundodelapolitica.com\/v1\/wp-json\/wp\/v2\/posts\/2608","targetHints":{"allow":["GET"]}}],"collection":[{"href":"https:\/\/elmundodelapolitica.com\/v1\/wp-json\/wp\/v2\/posts"}],"about":[{"href":"https:\/\/elmundodelapolitica.com\/v1\/wp-json\/wp\/v2\/types\/post"}],"author":[{"embeddable":true,"href":"https:\/\/elmundodelapolitica.com\/v1\/wp-json\/wp\/v2\/users\/2"}],"replies":[{"embeddable":true,"href":"https:\/\/elmundodelapolitica.com\/v1\/wp-json\/wp\/v2\/comments?post=2608"}],"version-history":[{"count":0,"href":"https:\/\/elmundodelapolitica.com\/v1\/wp-json\/wp\/v2\/posts\/2608\/revisions"}],"wp:featuredmedia":[{"embeddable":true,"href":"https:\/\/elmundodelapolitica.com\/v1\/wp-json\/wp\/v2\/media\/2609"}],"wp:attachment":[{"href":"https:\/\/elmundodelapolitica.com\/v1\/wp-json\/wp\/v2\/media?parent=2608"}],"wp:term":[{"taxonomy":"category","embeddable":true,"href":"https:\/\/elmundodelapolitica.com\/v1\/wp-json\/wp\/v2\/categories?post=2608"},{"taxonomy":"post_tag","embeddable":true,"href":"https:\/\/elmundodelapolitica.com\/v1\/wp-json\/wp\/v2\/tags?post=2608"}],"curies":[{"name":"wp","href":"https:\/\/api.w.org\/{rel}","templated":true}]}}