{"id":2592,"date":"2023-04-18T11:49:46","date_gmt":"2023-04-18T15:49:46","guid":{"rendered":"https:\/\/elmundodelapolitica.com\/v1\/?p=2592"},"modified":"2023-04-18T11:49:46","modified_gmt":"2023-04-18T15:49:46","slug":"documental-don-alejandro-resalta-aportes-fundador-y-primer-presidente-grupo-popular","status":"publish","type":"post","link":"https:\/\/elmundodelapolitica.com\/v1\/documental-don-alejandro-resalta-aportes-fundador-y-primer-presidente-grupo-popular\/","title":{"rendered":"Documental \u201cDon Alejandro\u201d resalta aportes fundador y primer presidente Grupo Popular"},"content":{"rendered":"<div>\n<p>Santo Domingo, D.N.\u00a018 de abril 2023.-\u00a0El Grupo Popular present\u00f3 la proyecci\u00f3n del documental \u201cDon Alejandro\u201d, un tributo audiovisual en homenaje a los aportes que el se\u00f1or Alejandro E. Grull\u00f3n E. realiz\u00f3 en favor de la modernizaci\u00f3n de la sociedad dominicana, entre ellos, la fundaci\u00f3n del Banco Popular Dominicano y su casa matriz, el Grupo Popular.<\/p>\n<figure class=\"wp-block-image size-full\"><img data-attachment-id=\"27339\" data-permalink=\"https:\/\/elmundodelosnegocios.com.do\/v1\/index.php\/2023\/04\/18\/documental-don-alejandro-resalta-aportes-fundador-y-primer-presidente-grupo-popular\/bpd6589\/\" data-orig-file=\"https:\/\/i0.wp.com\/elmundodelosnegocios.com.do\/v1\/wp-content\/uploads\/2023\/04\/BPD6589.jpg?fit=1008%2C672&amp;ssl=1\" data-orig-size=\"1008,672\" data-comments-opened=\"0\" data-image-meta='{\"aperture\":\"0\",\"credit\":\"\",\"camera\":\"\",\"caption\":\"\",\"created_timestamp\":\"0\",\"copyright\":\"\",\"focal_length\":\"0\",\"iso\":\"0\",\"shutter_speed\":\"0\",\"title\":\"\",\"orientation\":\"0\"}' data-image-title=\"BPD6589\" data-image-description=\"\" data-image-caption=\"&lt;p&gt;Desde la izquierda, los se\u00f1ores Eduardo Grull\u00f3n, Alexandra Grull\u00f3n, Melba Segura&lt;br \/&gt;\nviuda Grull\u00f3n, Virginia Grull\u00f3n y Manuel A. Grull\u00f3n.&lt;\/p&gt;\n\" data-medium-file=\"https:\/\/i0.wp.com\/elmundodelosnegocios.com.do\/v1\/wp-content\/uploads\/2023\/04\/BPD6589.jpg?fit=300%2C200&amp;ssl=1\" data-large-file=\"https:\/\/i0.wp.com\/elmundodelosnegocios.com.do\/v1\/wp-content\/uploads\/2023\/04\/BPD6589.jpg?fit=1008%2C672&amp;ssl=1\" decoding=\"async\" loading=\"lazy\" width=\"1008\" height=\"672\" src=\"https:\/\/i0.wp.com\/elmundodelosnegocios.com.do\/v1\/wp-content\/uploads\/2023\/04\/BPD6589.jpg?resize=1008,672&amp;ssl=1\" alt=\"\" class=\"wp-image-27339\" srcset=\"https:\/\/i0.wp.com\/elmundodelosnegocios.com.do\/v1\/wp-content\/uploads\/2023\/04\/BPD6589.jpg?w=1008&amp;ssl=1 1008w, https:\/\/i0.wp.com\/elmundodelosnegocios.com.do\/v1\/wp-content\/uploads\/2023\/04\/BPD6589.jpg?resize=300%2C200&amp;ssl=1 300w, https:\/\/i0.wp.com\/elmundodelosnegocios.com.do\/v1\/wp-content\/uploads\/2023\/04\/BPD6589.jpg?resize=768%2C512&amp;ssl=1 768w\" sizes=\"auto, (max-width: 1008px) 100vw, 1008px\" data-recalc-dims=\"1\"><figcaption class=\"wp-element-caption\">Desde la izquierda, los se\u00f1ores Eduardo Grull\u00f3n, Alexandra Grull\u00f3n, Melba Segura<br \/>viuda Grull\u00f3n, Virginia Grull\u00f3n y Manuel A. Grull\u00f3n.<\/figcaption><\/figure>\n<p>A trav\u00e9s de testimonios de familiares, amigos y colaboradores de don Alejandro, la pieza audiovisual presenta la vida, los logros y el legado visionario del ejecutivo bancario, fundador del primer banco dominicano de capital privado y primer presidente del Grupo Popular, cuya labor se extendi\u00f3 hacia la creaci\u00f3n de distintas iniciativas e instituciones en favor del desarrollo del pa\u00eds y sus conciudadanos.<\/p>\n<figure class=\"wp-block-image size-full\"><img data-attachment-id=\"27340\" data-permalink=\"https:\/\/elmundodelosnegocios.com.do\/v1\/index.php\/2023\/04\/18\/documental-don-alejandro-resalta-aportes-fundador-y-primer-presidente-grupo-popular\/bpd6535\/\" data-orig-file=\"https:\/\/i0.wp.com\/elmundodelosnegocios.com.do\/v1\/wp-content\/uploads\/2023\/04\/BPD6535.jpg?fit=1008%2C672&amp;ssl=1\" data-orig-size=\"1008,672\" data-comments-opened=\"0\" data-image-meta='{\"aperture\":\"0\",\"credit\":\"\",\"camera\":\"\",\"caption\":\"\",\"created_timestamp\":\"0\",\"copyright\":\"\",\"focal_length\":\"0\",\"iso\":\"0\",\"shutter_speed\":\"0\",\"title\":\"\",\"orientation\":\"0\"}' data-image-title=\"BPD6535\" data-image-description=\"\" data-image-caption=\"\" data-medium-file=\"https:\/\/i0.wp.com\/elmundodelosnegocios.com.do\/v1\/wp-content\/uploads\/2023\/04\/BPD6535.jpg?fit=300%2C200&amp;ssl=1\" data-large-file=\"https:\/\/i0.wp.com\/elmundodelosnegocios.com.do\/v1\/wp-content\/uploads\/2023\/04\/BPD6535.jpg?fit=1008%2C672&amp;ssl=1\" decoding=\"async\" loading=\"lazy\" width=\"1008\" height=\"672\" src=\"https:\/\/i0.wp.com\/elmundodelosnegocios.com.do\/v1\/wp-content\/uploads\/2023\/04\/BPD6535.jpg?resize=1008,672&amp;ssl=1\" alt=\"\" class=\"wp-image-27340\" srcset=\"https:\/\/i0.wp.com\/elmundodelosnegocios.com.do\/v1\/wp-content\/uploads\/2023\/04\/BPD6535.jpg?w=1008&amp;ssl=1 1008w, https:\/\/i0.wp.com\/elmundodelosnegocios.com.do\/v1\/wp-content\/uploads\/2023\/04\/BPD6535.jpg?resize=300%2C200&amp;ssl=1 300w, https:\/\/i0.wp.com\/elmundodelosnegocios.com.do\/v1\/wp-content\/uploads\/2023\/04\/BPD6535.jpg?resize=768%2C512&amp;ssl=1 768w\" sizes=\"auto, (max-width: 1008px) 100vw, 1008px\" data-recalc-dims=\"1\"><figcaption class=\"wp-element-caption\">En la foto, en primer plano, los se\u00f1ores Manuel A. Grull\u00f3n y Dinorah Grull\u00f3n.<\/figcaption><\/figure>\n<p>En \u201cDon Alejandro\u201d, desde la mirada de 23 amigos, allegados, colaboradores y familiares, se describen las distintas aristas del banquero y ciudadano comprometido, as\u00ed como su devoci\u00f3n religiosa.<\/p>\n<p>El documental fue presentado en una funci\u00f3n privada en las salas de Caribbean Cinemas en Downtown Mall y ser\u00e1 transmitido para disfrute del gran p\u00fablico el domingo 23 de abril, a las 6:00 p.m. en Color Visi\u00f3n, y a las 8:00 p.m. en CDN, canal 37. Tambi\u00e9n, se encuentra disponible en la p\u00e1gina web\u00a0<a href=\"https:\/\/popularenlinea.com\/donalejandro\" target=\"_blank\" rel=\"noreferrer noopener\">Popularenlinea.com\/AlejandroGrullon.<\/a><\/p>\n<p><strong>Participantes en el documental<\/strong><\/p>\n<p>Ofrecieron sus opiniones y experiencias de vida de don Alejandro, sus hijos, los se\u00f1ores Manuel A. Grull\u00f3n, presidente del Consejo de Administraci\u00f3n de Grupo Popular, y Eduardo E. Grull\u00f3n, presidente de AFP Popular.<\/p>\n<p>Tambi\u00e9n se cont\u00f3 con el testimonio de los se\u00f1ores Marino D. Espinal, presidente del Consejo de Administraci\u00f3n del Banco Popular; Manuel E. Jim\u00e9nez F., presidente ejecutivo de Grupo Popular, y Rafael A. Del Toro, vicepresidente ejecutivo Senior de Gobierno Corporativo, Relaciones con los Accionistas y Econom\u00eda de Grupo Popular.<\/p>\n<p>De igual forma, los se\u00f1ores Yannick Finet viuda Grull\u00f3n, su cu\u00f1ada; Mario C\u00e1ceres, amigo personal; Ernesto M. Izquierdo, presidente de Grupo Universal; Frank Moya Pons, historiador; F\u00e9lix Garc\u00eda, presidente de Grupo Linda; Milton Ray Guevara, presidente del Tribunal Constitucional de la Rep\u00fablica Dominicana; Jos\u00e9 Luis \u2013 Pep\u00edn \u2013 Corripio E., presidente del Grupo Corripio; V\u00edctor M\u00e9ndez Capell\u00e1n, presidente Ad-Vitam de Vimenca\u00a0<strong>\u2020,<\/strong>\u00a0y Cucho Borrell, amigo y arquitecto de la Torre Popular.<\/p>\n<p>Asimismo, los se\u00f1ores Frank Rainieri, fundador de Grupo Puntacana; Luis Canela y Rafael Rodr\u00edguez, colaboradores y exejecutivos del Grupo Popular; Inmaculada Adames, vicepresidenta ejecutiva del Plan Sierra; Monse\u00f1or Ram\u00f3n Benito de la Rosa y Carpio; Ana Virginia Dreyer, secretaria ejecutiva; el doctor Jos\u00e9 L\u00f3pez, vicepresidente de Salud y director del Centro M\u00e9dico Central Romana; Ram\u00f3n \u2014Papo\u2014 Men\u00e9ndez, vicepresidente ejecutivo del Central Romana Corporation, y Melba Segura de Grull\u00f3n, su esposa y viuda.<\/p>\n<p><strong>Agradecimiento a los participantes del documental<\/strong><\/p>\n<p>En su intervenci\u00f3n, el presidente del Consejo de Administraci\u00f3n de Grupo Popular, se\u00f1or Manuel A. Grull\u00f3n, manifest\u00f3 que este aporte audiovisual es \u201cun homenaje p\u00f3stumo a un hombre visionario y comprometidamente entregado a los mejores intereses del pa\u00eds y de su gente\u201d y dirigi\u00f3 palabras de gratitud a todos los que han participado en la realizaci\u00f3n de este documental:<\/p>\n<p>\u201cQuisiera agradecer, en nombre de la familia Grull\u00f3n, al igual que en nombre de las empresas financieras que componen la prestigiosa marca Popular y de todo su personal, a cada uno de los familiares, amigos y colaboradores de don Alejandro que, producto de la admiraci\u00f3n y el cari\u00f1o profesados hacia \u00e9l, en reciprocidad a su calidez y a su sensibilidad humana y social, han brindado invaluables testimonios que har\u00e1n trascender el nombre y la trayectoria de un s\u00edmbolo y un pilar de nuestra familia a las futuras generaciones\u201d, dijo.<\/p>\n<p><strong>Una vida dedicada a su pa\u00eds<\/strong><\/p>\n<p>Don Alejandro siempre destac\u00f3 por dedicar su vida a la modernizaci\u00f3n y democratizaci\u00f3n de la Rep\u00fablica Dominicana en m\u00faltiples \u00f3rdenes: impuls\u00f3 una visi\u00f3n empresarial y un compromiso \u00e9tico que ha inspirado a numerosas generaciones de empresarios y emprendedores, promovi\u00f3 obras filantr\u00f3picas y de bienestar social, y colabor\u00f3 con determinaci\u00f3n en la creaci\u00f3n y consolidaci\u00f3n de un marco institucional que sigue sustentando el crecimiento y el progreso social de los dominicanos.<\/p>\n<p>Entre otras instituciones, don Alejandro E. Grull\u00f3n E. ide\u00f3 y cre\u00f3 el Banco Popular y su casa matriz, Grupo Popular, la organizaci\u00f3n empresarial de mayor base accionaria del pa\u00eds; igualmente encamin\u00f3 la institucionalizaci\u00f3n del sector financiero nacional al fundar la Asociaci\u00f3n de Bancos Comerciales (ABA). Fue tambi\u00e9n uno de los promotores de importantes entidades como\u00a0la Fundaci\u00f3n Dominicana de Desarrollo (FDD), la Fundaci\u00f3n Institucionalidad y Justicia (Finjus) y el Museo de La Altagracia.<\/p>\n<p>Por sus contribuciones, a lo largo de su vida recibi\u00f3 m\u00faltiples reconocimientos, entre ellos, desde la Presidencia de la Rep\u00fablica,\u00a0la \u201cOrden de Duarte, S\u00e1nchez y Mella\u00bb, en el grado de Comendador, y la \u201cOrden Her\u00e1ldica de Crist\u00f3bal Col\u00f3n\u201d, con el grado Gran Cruz Placa de Plata.<strong><\/strong><\/p>\n<p>En adici\u00f3n, recibi\u00f3 la \u201cOrden de San Gregorio Magno\u201d, en el grado de Caballero de Gran Cruz, otorgada por Su Santidad Juan Pablo II; un Doctorado Honoris Causa en Humanidades, por la Pontificia Universidad Cat\u00f3lica Madre y Maestra; y un Doctorado Honoris Causa en Ciencias de la Administraci\u00f3n, por la Universidad Central del Este.<\/p>\n<p>Fue distinguido tanto por la C\u00e1mara de Diputados como por el Senado de la Rep\u00fablica por su faceta empresarial y sus aportes sociales; asimismo, por el Consejo Nacional de la Empresa Privada (CONEP), que reconoci\u00f3 su amplia trayectoria empresarial y su visi\u00f3n innovadora.<\/p>\n<p>El se\u00f1or Alejandro E. Grull\u00f3n E. falleci\u00f3 el pasado 15 de diciembre de 2020, en la ciudad de La Romana, a la edad de 91 a\u00f1os.<\/p>\n<\/div>\n","protected":false},"excerpt":{"rendered":"<p>Santo Domingo, D.N.\u00a018 de abril 2023.-\u00a0El Grupo Popular present\u00f3 la proyecci\u00f3n del documental \u201cDon Alejandro\u201d, un tributo audiovisual en homenaje a los aportes que el se\u00f1or Alejandro E. Grull\u00f3n E.&hellip; <\/p>\n","protected":false},"author":2,"featured_media":2593,"comment_status":"closed","ping_status":"closed","sticky":false,"template":"","format":"standard","meta":{"fifu_image_url":"https:\/\/i0.wp.com\/elmundodelosnegocios.com.do\/v1\/wp-content\/uploads\/2023\/04\/BPD6589.jpg?resize=1008,672&ssl=1","fifu_image_alt":"Documental \u201cDon Alejandro\u201d resalta aportes fundador y primer presidente Grupo Popular","footnotes":""},"categories":[63],"tags":[],"class_list":["post-2592","post","type-post","status-publish","format-standard","has-post-thumbnail","hentry","category-actualidad"],"_links":{"self":[{"href":"https:\/\/elmundodelapolitica.com\/v1\/wp-json\/wp\/v2\/posts\/2592","targetHints":{"allow":["GET"]}}],"collection":[{"href":"https:\/\/elmundodelapolitica.com\/v1\/wp-json\/wp\/v2\/posts"}],"about":[{"href":"https:\/\/elmundodelapolitica.com\/v1\/wp-json\/wp\/v2\/types\/post"}],"author":[{"embeddable":true,"href":"https:\/\/elmundodelapolitica.com\/v1\/wp-json\/wp\/v2\/users\/2"}],"replies":[{"embeddable":true,"href":"https:\/\/elmundodelapolitica.com\/v1\/wp-json\/wp\/v2\/comments?post=2592"}],"version-history":[{"count":0,"href":"https:\/\/elmundodelapolitica.com\/v1\/wp-json\/wp\/v2\/posts\/2592\/revisions"}],"wp:featuredmedia":[{"embeddable":true,"href":"https:\/\/elmundodelapolitica.com\/v1\/wp-json\/wp\/v2\/media\/2593"}],"wp:attachment":[{"href":"https:\/\/elmundodelapolitica.com\/v1\/wp-json\/wp\/v2\/media?parent=2592"}],"wp:term":[{"taxonomy":"category","embeddable":true,"href":"https:\/\/elmundodelapolitica.com\/v1\/wp-json\/wp\/v2\/categories?post=2592"},{"taxonomy":"post_tag","embeddable":true,"href":"https:\/\/elmundodelapolitica.com\/v1\/wp-json\/wp\/v2\/tags?post=2592"}],"curies":[{"name":"wp","href":"https:\/\/api.w.org\/{rel}","templated":true}]}}