{"id":259,"date":"2022-05-11T03:09:37","date_gmt":"2022-05-11T07:09:37","guid":{"rendered":"http:\/\/www.elmundodelapolitica.com\/v2\/?p=25333"},"modified":"2022-09-26T10:38:40","modified_gmt":"2022-09-26T14:38:40","slug":"articulo-gobierno-navega-a-contracorriente","status":"publish","type":"post","link":"https:\/\/elmundodelapolitica.com\/v1\/articulo-gobierno-navega-a-contracorriente\/","title":{"rendered":"ART\u00cdCULO: Gobierno navega a contracorriente"},"content":{"rendered":"\n<p>Por:&nbsp; Lic.&nbsp;<strong>Rafael Mendez<\/strong><br>&nbsp; &nbsp; &nbsp; &nbsp; &nbsp; &nbsp; &nbsp; &nbsp;Periodista-ex Diputado<\/p>\n\n\n\n<p>Un principio b\u00e1sico que aconsejan los expertos en estrategia<br>mercadol\u00f3gica es que antes de lanzar un producto al mercado aseg\u00farese<br>que est\u00e9 en los lugares que el p\u00fablico acudir\u00e1 a adquirirlo.<\/p>\n\n\n\n<p>Esto para evitar la frustraci\u00f3n que sentir\u00eda el potencial comprador<br>cuando atendiendo a la \u201cinvitaci\u00f3n\u201d acuda al lugar de expendio y no<br>encuentre lo que se ha \u201cvendido\u201d por medio de la publicidad.<\/p>\n\n\n\n<p>Toda campa\u00f1a publicitaria, se supone que se ejecuta a partir de<br>articular una estrategia comunicacional, que busca vender o posicionar<br>un producto en el blanco de p\u00fablico a la que est\u00e1 dirigido el mensaje.<\/p>\n\n\n\n<p>Qu\u00e9 est\u00e1 pasando con la estrategia comunicacional del Gobierno,<br>sostenida en una profusa difusi\u00f3n de mensajes publicitarios, que<br>muchos entienden que abruma.<\/p>\n\n\n\n<p>Sencillo: que la campa\u00f1a publicitaria \u201cestamos cambiando\u201d va<br>contracorriente, porque choca con el diario vivir de la gente.<\/p>\n\n\n\n<p>Que \u201cestamos cambiando\u201d sugiriendo a la poblaci\u00f3n que sus condiciones<br>de vida y de trabajo, entre otras situaciones, est\u00e1n mejorando.<\/p>\n\n\n\n<p>Pero resulta que en el mercado lo que la gente encuentra es que el<br>costo de la vida se ha incrementado. Que la seguridad ciudadana, el<br>sistema de salud y la educaci\u00f3n van en un sostenido deterioro, etc.<br>etc. etc.-.<\/p>\n","protected":false},"excerpt":{"rendered":"<p>Por:&nbsp; Lic.&nbsp;Rafael Mendez&nbsp; &nbsp; &nbsp; &nbsp; &nbsp; &nbsp; &nbsp; &nbsp;Periodista-ex Diputado Un principio b\u00e1sico que aconsejan los expertos en estrategiamercadol\u00f3gica es que antes de lanzar un producto al mercado aseg\u00fareseque&hellip; <\/p>\n","protected":false},"author":2,"featured_media":260,"comment_status":"closed","ping_status":"open","sticky":false,"template":"","format":"standard","meta":{"fifu_image_url":"","fifu_image_alt":"","footnotes":""},"categories":[4,17],"tags":[],"class_list":["post-259","post","type-post","status-publish","format-standard","has-post-thumbnail","hentry","category-articulo","category-politica"],"_links":{"self":[{"href":"https:\/\/elmundodelapolitica.com\/v1\/wp-json\/wp\/v2\/posts\/259","targetHints":{"allow":["GET"]}}],"collection":[{"href":"https:\/\/elmundodelapolitica.com\/v1\/wp-json\/wp\/v2\/posts"}],"about":[{"href":"https:\/\/elmundodelapolitica.com\/v1\/wp-json\/wp\/v2\/types\/post"}],"author":[{"embeddable":true,"href":"https:\/\/elmundodelapolitica.com\/v1\/wp-json\/wp\/v2\/users\/2"}],"replies":[{"embeddable":true,"href":"https:\/\/elmundodelapolitica.com\/v1\/wp-json\/wp\/v2\/comments?post=259"}],"version-history":[{"count":1,"href":"https:\/\/elmundodelapolitica.com\/v1\/wp-json\/wp\/v2\/posts\/259\/revisions"}],"predecessor-version":[{"id":465,"href":"https:\/\/elmundodelapolitica.com\/v1\/wp-json\/wp\/v2\/posts\/259\/revisions\/465"}],"wp:featuredmedia":[{"embeddable":true,"href":"https:\/\/elmundodelapolitica.com\/v1\/wp-json\/wp\/v2\/media\/260"}],"wp:attachment":[{"href":"https:\/\/elmundodelapolitica.com\/v1\/wp-json\/wp\/v2\/media?parent=259"}],"wp:term":[{"taxonomy":"category","embeddable":true,"href":"https:\/\/elmundodelapolitica.com\/v1\/wp-json\/wp\/v2\/categories?post=259"},{"taxonomy":"post_tag","embeddable":true,"href":"https:\/\/elmundodelapolitica.com\/v1\/wp-json\/wp\/v2\/tags?post=259"}],"curies":[{"name":"wp","href":"https:\/\/api.w.org\/{rel}","templated":true}]}}