{"id":2571,"date":"2023-04-16T18:35:36","date_gmt":"2023-04-16T22:35:36","guid":{"rendered":"https:\/\/elmundodelapolitica.com\/v1\/?p=2571"},"modified":"2023-04-16T18:36:55","modified_gmt":"2023-04-16T22:36:55","slug":"min-juramenta-mas-de-1-650-personas-en-apoyo-a-la-reeleccion-de-luis-abinader","status":"publish","type":"post","link":"https:\/\/elmundodelapolitica.com\/v1\/min-juramenta-mas-de-1-650-personas-en-apoyo-a-la-reeleccion-de-luis-abinader\/","title":{"rendered":"MIN juramenta m\u00e1s de 1, 650 personas en apoyo a la reelecci\u00f3n de Luis Abinader"},"content":{"rendered":"\n<p><strong>Santiago.<\/strong>&nbsp;\u2013 fueron juramentadas este domingo m\u00e1s de 1, 600 personas que pasaron a ser integrantes del Movimiento de Integraci\u00f3n Nacional (MIN), que preside An\u00edbal D\u00edaz Belliard, y que apoya la reelecci\u00f3n del presidente Luis Abinader, para los comicios del a\u00f1o 2024.<\/p>\n\n\n\n<p>Los nuevos juramentados son de las 14 provincias de la regi\u00f3n del Gran Cibao, los que se comprometieron a buscar los votos en cada rinc\u00f3n de la geografia nacional para que el presidente Abinader contin\u00fae dirigiendo las riendas de la administraci\u00f3n p\u00fablica.<\/p>\n\n\n\n<p>En ese sentido, el presidente del MIN, Anibal Diaz Belliard, asegur\u00f3 que continuar\u00e1 trabajando por el voto a favor del presidente Abinader para el bienestar del pa\u00eds.<\/p>\n\n\n\n<p>Dijo que el grupo pol\u00edtico naci\u00f3 como el Movimiento de Integraci\u00f3n Nacional, \u00abpero lo present\u00f3 aqu\u00ed como el Partido de Integraci\u00f3n Nacional (PIN), con el que hay que hablar\u00bb.<\/p>\n\n\n\n<p>Sostuvo que gracias al apoyo de sus integrantes, el MIN se ha logrado posicionarse en la sociedad sin tener que pedirle un \u00abcentavo a nadie\u00bb.<\/p>\n\n\n\n<p>Agreg\u00f3 que presidente Abinader es un hombre que ha logrado la confianza del pueblo dominicano por su trayectoria y las obras hechas en todo el territorio nacional.<\/p>\n\n\n\n<p>Este respaldo a la reelecci\u00f3n se suma a los que se han dado \u00b9y est\u00e1n pendientes de hacerse por la confianza que tiene la gente en el mandatario&nbsp; por las obras que ha venido desarrollando en todo el territorio y la estabilidad econ\u00f3mica de la&nbsp; Rep\u00fablica Dominicana.<\/p>\n\n\n\n<p>Durante la juramentaci\u00f3n de los nuevos integrantes del MIN, D\u00edaz Belliard, resalt\u00f3 que el mayor compromiso de dicho movimiento es buscar los votos en la sociedad que ha sido testigo del buen gobierno de Abinader.<\/p>\n\n\n\n<p>El dirigente pol\u00edtico dijo estar confiado en que los integrantes del MIN, conformado por hombre y mujeres trabajadores, no descansar\u00e1n para garantizar la repostulaci\u00f3n de Abinader para un segundo mandato y as\u00ed extender su obra de gobierno como reconocimiento al trabajo que realiza en favor del bien colectivo.<\/p>\n\n\n\n<p>El acto de juramentaci\u00f3n se realiz\u00f3 en el Centro de Convenciones de la Universidad Tecnol\u00f3gica (UTESA), en la ciudad de Santiago.<\/p>\n\n\n\n<p>Entre los juramentados est\u00e1n Robert Espaillat, as\u00ed como Rafael Rodr\u00edguez, quienes se comprometieron desde ya a trabajar para fortalecer al MIN y lograr que el presidente Abinader siga gobernando.<\/p>\n\n\n\n<p>En la actividad participaron integrantes de la alta direcci\u00f3n del MIN, entre ellos, la directora de Operaciones, Mariluz Escol\u00e1stico de D\u00edaz, quien valor\u00f3 el trabajado de Luis Abinader, calific\u00e1ndolo de hombre honesto y trabajador.<\/p>\n\n\n\n<p>Tambi\u00e9n Estiliano S\u00e1nchez, secretario general del MIN, entre otros, estuvieron presentes.<\/p>\n\n\n\n<p>El Movimiento de Integraci\u00f3n Nacional (MIN), mantiene presencia en las provincias del pa\u00eds y se mantiene realizando importantes actividades en respaldo a la repostulaci\u00f3n del presidente Abinader.<\/p>\n\n\n\n<p>Uno de los objetivos que tiene este grupo es darles cabida a las personas que no tienen partido pol\u00edtico y busquen un movimiento diferente para lograr y mejor bienestar de los dominicanos y dominicanas.<\/p>\n","protected":false},"excerpt":{"rendered":"<p>Santiago.&nbsp;\u2013 fueron juramentadas este domingo m\u00e1s de 1, 600 personas que pasaron a ser integrantes del Movimiento de Integraci\u00f3n Nacional (MIN), que preside An\u00edbal D\u00edaz Belliard, y que apoya la&hellip; <\/p>\n","protected":false},"author":1,"featured_media":2572,"comment_status":"closed","ping_status":"closed","sticky":false,"template":"","format":"standard","meta":{"fifu_image_url":"","fifu_image_alt":"","footnotes":""},"categories":[17],"tags":[],"class_list":["post-2571","post","type-post","status-publish","format-standard","has-post-thumbnail","hentry","category-politica"],"_links":{"self":[{"href":"https:\/\/elmundodelapolitica.com\/v1\/wp-json\/wp\/v2\/posts\/2571","targetHints":{"allow":["GET"]}}],"collection":[{"href":"https:\/\/elmundodelapolitica.com\/v1\/wp-json\/wp\/v2\/posts"}],"about":[{"href":"https:\/\/elmundodelapolitica.com\/v1\/wp-json\/wp\/v2\/types\/post"}],"author":[{"embeddable":true,"href":"https:\/\/elmundodelapolitica.com\/v1\/wp-json\/wp\/v2\/users\/1"}],"replies":[{"embeddable":true,"href":"https:\/\/elmundodelapolitica.com\/v1\/wp-json\/wp\/v2\/comments?post=2571"}],"version-history":[{"count":1,"href":"https:\/\/elmundodelapolitica.com\/v1\/wp-json\/wp\/v2\/posts\/2571\/revisions"}],"predecessor-version":[{"id":2573,"href":"https:\/\/elmundodelapolitica.com\/v1\/wp-json\/wp\/v2\/posts\/2571\/revisions\/2573"}],"wp:featuredmedia":[{"embeddable":true,"href":"https:\/\/elmundodelapolitica.com\/v1\/wp-json\/wp\/v2\/media\/2572"}],"wp:attachment":[{"href":"https:\/\/elmundodelapolitica.com\/v1\/wp-json\/wp\/v2\/media?parent=2571"}],"wp:term":[{"taxonomy":"category","embeddable":true,"href":"https:\/\/elmundodelapolitica.com\/v1\/wp-json\/wp\/v2\/categories?post=2571"},{"taxonomy":"post_tag","embeddable":true,"href":"https:\/\/elmundodelapolitica.com\/v1\/wp-json\/wp\/v2\/tags?post=2571"}],"curies":[{"name":"wp","href":"https:\/\/api.w.org\/{rel}","templated":true}]}}