{"id":2570,"date":"2023-04-16T18:35:35","date_gmt":"2023-04-16T22:35:35","guid":{"rendered":"https:\/\/elmundodelapolitica.com\/v1\/?p=2570"},"modified":"2023-04-16T18:42:19","modified_gmt":"2023-04-16T22:42:19","slug":"diputado-ex-peledeista-carlos-sanchez-y-su-equipo-se-juramentan-en-el-prm","status":"publish","type":"post","link":"https:\/\/elmundodelapolitica.com\/v1\/diputado-ex-peledeista-carlos-sanchez-y-su-equipo-se-juramentan-en-el-prm\/","title":{"rendered":"Diputado ex peledeista Carlos S\u00e1nchez y su equipo se juramentan en el PRM"},"content":{"rendered":"\n<p>El diputado Carlos S\u00e1nchez se jurament\u00f3, junto a su equipo, en el Partido Revolucionario Moderno (PRM), luego de renunciar al Partido de la Liberaci\u00f3n Dominicana (PLD).<\/p>\n\n\n\n<p>\u201cMi decisi\u00f3n no solo fue el resultado de un an\u00e1lisis personal, sino que fue, ante todo, la consecuencia del apoyo recibido de cientos de hombres, mujeres y dirigentes de la circunscripci\u00f3n 3 del Distrito Nacional\u201d expres\u00f3 S\u00e1nchez durante su juramentaci\u00f3n a cargo del presidente del PRM, Jos\u00e9 Ignacio Paliza.<\/p>\n\n\n\n<p>Junto a Carlos S\u00e1nchez, tambi\u00e9n se jurament\u00f3 un regidor, una miembro del Comit\u00e9 Central y 23 presidente de Intermedios, en el marco un multitudinario acto celebrado en el Club Mauricio B\u00e1ez, con la presencia de altos dirigentes de esa organizaci\u00f3n, entre ellos varios diputados.<\/p>\n\n\n\n<p>S\u00e1nchez, afirm\u00f3 que en estos momentos de confrontaci\u00f3n y dificultades que vive el mundo hay que reconocer que el actual mandatario ha dirigido con sapiencias los destinos del pa\u00eds.<\/p>\n\n\n\n<p>\u201cMe presento ante ustedes con humildad y dispuesto a trabajar como un soldado al servicio de la causa del PRM y de que el presidente Luis Abinader siga en el poder cuatro a\u00f1os m\u00e1s, en el 2024\u201d dijo el congresista.<\/p>\n\n\n\n<p>Signific\u00f3 que llega para trabajar con el Partido Revolucionario Moderno y poner su energ\u00eda para contribuir con su eficiente equipo de gobierno a mantener el clima de crecimiento que experimenta la naci\u00f3n dominicana, proyectando un futuro promisorio.<\/p>\n\n\n\n<p>Reconoci\u00f3 el valor, la integridad y la vocaci\u00f3n de servicio del equipo que le acompa\u00f1a, al subrayar que a pesar de las dificultades que padecen los moradores de sus barrios, la gente vive en ellos con la gallard\u00eda de gladiadores.<\/p>\n\n\n\n<p>Recalc\u00f3 que son gente buena, de estudio, de trabajo, gente alegre, llenas de fe y esperanza, personas que lo \u00fanico que necesitan es la oportunidad y el apoyo de las instancias p\u00fablicas y privadas para la conquista de un futuro de seguridad y progreso.<\/p>\n\n\n\n<p>\u201cYo les digo a todos los habitantes esta demarcaci\u00f3n que el mejor aliado con que puede contar, para impulsar un desarrollo integral en nuestra circunscripci\u00f3n lo es el presidente Luis Abinader\u201d expres\u00f3.<\/p>\n\n\n\n<p>A\u00f1adi\u00f3 que en los pr\u00f3ximos meses se ver\u00e1n enfrentados a grandes retos y desaf\u00edos electorales, pero no le quepa la duda a nadie, que con la maquinaria del PRM, con este valeroso equipo tirado en las calles, y con la excelente gesti\u00f3n del gobierno de Luis Abinader, superar\u00e1n todos los desaf\u00edos.<\/p>\n\n\n\n<p>Indic\u00f3 que ganar\u00e1n por mucho, la sindicatura del Distrito Nacional y la senadur\u00eda de la capital, en esta circunscripci\u00f3n y que obtendr\u00e1n entre 4 a 5 diputados en la Circunscripci\u00f3n n\u00famero tres.<\/p>\n\n\n\n<p>Dijo que saldr\u00e1n victoriosos y que, por voluntad de las grandes mayor\u00edas, Luis Abinader ganar\u00e1 las elecciones del 2024, en la primera vuelta con m\u00e1s de un 55% de los votos y ser\u00e1 proclamado por la Junta Central Electoral como el nuevo presidente de cambio con esperanza.<\/p>\n","protected":false},"excerpt":{"rendered":"<p>El diputado Carlos S\u00e1nchez se jurament\u00f3, junto a su equipo, en el Partido Revolucionario Moderno (PRM), luego de renunciar al Partido de la Liberaci\u00f3n Dominicana (PLD). \u201cMi decisi\u00f3n no solo&hellip; <\/p>\n","protected":false},"author":1,"featured_media":2581,"comment_status":"closed","ping_status":"closed","sticky":false,"template":"","format":"standard","meta":{"fifu_image_url":"","fifu_image_alt":"","footnotes":""},"categories":[17],"tags":[],"class_list":["post-2570","post","type-post","status-publish","format-standard","has-post-thumbnail","hentry","category-politica"],"_links":{"self":[{"href":"https:\/\/elmundodelapolitica.com\/v1\/wp-json\/wp\/v2\/posts\/2570","targetHints":{"allow":["GET"]}}],"collection":[{"href":"https:\/\/elmundodelapolitica.com\/v1\/wp-json\/wp\/v2\/posts"}],"about":[{"href":"https:\/\/elmundodelapolitica.com\/v1\/wp-json\/wp\/v2\/types\/post"}],"author":[{"embeddable":true,"href":"https:\/\/elmundodelapolitica.com\/v1\/wp-json\/wp\/v2\/users\/1"}],"replies":[{"embeddable":true,"href":"https:\/\/elmundodelapolitica.com\/v1\/wp-json\/wp\/v2\/comments?post=2570"}],"version-history":[{"count":1,"href":"https:\/\/elmundodelapolitica.com\/v1\/wp-json\/wp\/v2\/posts\/2570\/revisions"}],"predecessor-version":[{"id":2582,"href":"https:\/\/elmundodelapolitica.com\/v1\/wp-json\/wp\/v2\/posts\/2570\/revisions\/2582"}],"wp:featuredmedia":[{"embeddable":true,"href":"https:\/\/elmundodelapolitica.com\/v1\/wp-json\/wp\/v2\/media\/2581"}],"wp:attachment":[{"href":"https:\/\/elmundodelapolitica.com\/v1\/wp-json\/wp\/v2\/media?parent=2570"}],"wp:term":[{"taxonomy":"category","embeddable":true,"href":"https:\/\/elmundodelapolitica.com\/v1\/wp-json\/wp\/v2\/categories?post=2570"},{"taxonomy":"post_tag","embeddable":true,"href":"https:\/\/elmundodelapolitica.com\/v1\/wp-json\/wp\/v2\/tags?post=2570"}],"curies":[{"name":"wp","href":"https:\/\/api.w.org\/{rel}","templated":true}]}}