{"id":257,"date":"2022-05-11T03:11:42","date_gmt":"2022-05-11T07:11:42","guid":{"rendered":"http:\/\/www.elmundodelapolitica.com\/v2\/?p=25336"},"modified":"2022-05-11T03:11:42","modified_gmt":"2022-05-11T07:11:42","slug":"fernandez-afirma-fuerza-del-pueblo-esta-causando-panico-entre-adversarios","status":"publish","type":"post","link":"https:\/\/elmundodelapolitica.com\/v1\/fernandez-afirma-fuerza-del-pueblo-esta-causando-panico-entre-adversarios\/","title":{"rendered":"Fern\u00e1ndez afirma Fuerza del Pueblo est\u00e1 causando p\u00e1nico entre adversarios"},"content":{"rendered":"\n<p><strong>Monte Plata, R.D. Mayo 8, 2022.-&nbsp;<\/strong>En un recorrido que incluy\u00f3&nbsp; varias localidades de&nbsp; la provincia Monte Plata, el presidente de la Fuerza del Pueblo, Leonel Fern\u00e1ndez, afirm\u00f3 que&nbsp; esa organizaci\u00f3n pol\u00edtica&nbsp; est\u00e1 causando p\u00e1nico entre los adversarios.<br>\u201cA pesar de tener solo dos a\u00f1os de habernos formado, yo creo que la presencia de la Fuerza del Pueblo est\u00e1 creando p\u00e1nico entre los adversarios en Rep\u00fablica Dominicana, porque ya se siente donde quiera que la FP se convierte en la fuerza mayoritaria para dirigir los destinos de la Rep\u00fablica Dominicana, hoy lo hemos logrado aqu\u00ed en Mama Ting\u00f3, en Yamas\u00e1, lo somos en la provincia de Monte Plata,&nbsp; y los somos en todo el territorio nacional\u201d refiri\u00f3 Fern\u00e1ndez.<br>El l\u00edder del que se perfila como principal partido de oposici\u00f3n, arrib\u00f3&nbsp; al distrito de Mam\u00e1 Ting\u00f3 aproximadamente a las 4:00 p.m. y realiz\u00f3 varias visitas de cortes\u00eda entre las que se incluy\u00f3&nbsp; la f\u00e1brica de yogurt \u201cMam\u00e1 Ting\u00f3\u201d, donde fue recibido por su propietario, Nicanor Beltr\u00e1n. Ambos conversarin sobre diversos t\u00f3picos relacionados a la producci\u00f3n de leche en la provincia y otros temas de inter\u00e9s de la poblaci\u00f3n monteplate\u00f1a.&nbsp;<br>M\u00e1s tarde se dirigi\u00f3 al hogar de la se\u00f1ora&nbsp; Altagracia, compa\u00f1era de lucha de \u201cMam\u00e1 Ting\u00f3\u201d. Este fue un encuentro muy ameno, pues la dirigente comunitaria de muchas luchas le cont\u00f3 al presidente de la Fuerza del Pueblo acerca de los grandes&nbsp; v\u00ednculos afectivos y de amistad que les un\u00edan a la&nbsp; ferviente luchadora que se ha convertido en un \u00edcono de las defensas de las comunidades. Fern\u00e1ndez ofreci\u00f3 su apoyo a la anciana&nbsp; y autoriz\u00f3 que las pr\u00f3ximas semanas le sean entregados varios electrodom\u00e9sticos que contribuyan a mejorar su calidad de vida.<br>\u201cEstuve visitando a una se\u00f1ora ya de 92 a\u00f1os, que fue compa\u00f1era de&nbsp; Mam\u00e1 Ting\u00f3, que estuvo&nbsp; con ella el&nbsp; d\u00eda de la \u00faltima&nbsp; batalla, cuando Mam\u00e1 Ting\u00f3 fue muerta. Cuando nosotros en el a\u00f1o de&nbsp; 1996 llegamos al gobierno por vez primera&nbsp; hicimos una promesa al pueblo dominicano de c\u00f3mo era que nos \u00edbamos a modernizar, y consist\u00eda primero en cambiar las tinajas por neveras y los fogones por estufas, me parec\u00eda lo m\u00e1s elemental, visitamos el hogar de esta se\u00f1ora, encontramos que todav\u00eda hay una tinaja y un fog\u00f3n y le prometimos que no ten\u00edamos que llegar al poder, que la semana pr\u00f3xima una comisi\u00f3n de nuestro partido vendr\u00e1 con una estufa y una nevera para que ella tambi\u00e9n sea parte del progreso y la transformaci\u00f3n\u201d, indic\u00f3 Fern\u00e1ndez.<br><strong>Juramentaci\u00f3n<\/strong>Durante su recorrido por Monte Plata, el presidente de la Fuerza del Pueblo jurament\u00f3 cientos de expeledistas que decidieron pasar a formar parte de la organizaci\u00f3n pol\u00edtica que \u00e9l encabeza. Dentro de los que hoy juraron integrarse a los trabajos de partido verde de la Cayena est\u00e1n: el excandidato a alcalde por el Distrito Municipal de Mam\u00e1 Ting\u00f3, Isa\u00edas de los Santos; Ra\u00fal Soto, Paulino de Paula, Olimpio Nolasco, Albania Sep\u00falveda, Santa Laurencio, Alexis Abad, Luis Moreta, Elogia Abad.<br>De igual modo fueron juramentados Neucadia de Paula, Esperanza Sep\u00falveda, Felipe Hern\u00e1ndez, Yubelkis Manzueta y Sonia Vizca\u00edno, entre otros dirigentes medios y de base, as\u00ed como personalidades de otros sectores de la vida productiva y social de Monte Plata.<\/p>\n","protected":false},"excerpt":{"rendered":"<p>Monte Plata, R.D. Mayo 8, 2022.-&nbsp;En un recorrido que incluy\u00f3&nbsp; varias localidades de&nbsp; la provincia Monte Plata, el presidente de la Fuerza del Pueblo, Leonel Fern\u00e1ndez, afirm\u00f3 que&nbsp; esa organizaci\u00f3n&hellip; <\/p>\n","protected":false},"author":2,"featured_media":258,"comment_status":"closed","ping_status":"open","sticky":false,"template":"","format":"standard","meta":{"fifu_image_url":"","fifu_image_alt":"","footnotes":""},"categories":[5],"tags":[],"class_list":["post-257","post","type-post","status-publish","format-standard","has-post-thumbnail","hentry","category-partidos"],"_links":{"self":[{"href":"https:\/\/elmundodelapolitica.com\/v1\/wp-json\/wp\/v2\/posts\/257","targetHints":{"allow":["GET"]}}],"collection":[{"href":"https:\/\/elmundodelapolitica.com\/v1\/wp-json\/wp\/v2\/posts"}],"about":[{"href":"https:\/\/elmundodelapolitica.com\/v1\/wp-json\/wp\/v2\/types\/post"}],"author":[{"embeddable":true,"href":"https:\/\/elmundodelapolitica.com\/v1\/wp-json\/wp\/v2\/users\/2"}],"replies":[{"embeddable":true,"href":"https:\/\/elmundodelapolitica.com\/v1\/wp-json\/wp\/v2\/comments?post=257"}],"version-history":[{"count":0,"href":"https:\/\/elmundodelapolitica.com\/v1\/wp-json\/wp\/v2\/posts\/257\/revisions"}],"wp:featuredmedia":[{"embeddable":true,"href":"https:\/\/elmundodelapolitica.com\/v1\/wp-json\/wp\/v2\/media\/258"}],"wp:attachment":[{"href":"https:\/\/elmundodelapolitica.com\/v1\/wp-json\/wp\/v2\/media?parent=257"}],"wp:term":[{"taxonomy":"category","embeddable":true,"href":"https:\/\/elmundodelapolitica.com\/v1\/wp-json\/wp\/v2\/categories?post=257"},{"taxonomy":"post_tag","embeddable":true,"href":"https:\/\/elmundodelapolitica.com\/v1\/wp-json\/wp\/v2\/tags?post=257"}],"curies":[{"name":"wp","href":"https:\/\/api.w.org\/{rel}","templated":true}]}}