{"id":2569,"date":"2023-04-16T18:35:35","date_gmt":"2023-04-16T22:35:35","guid":{"rendered":"https:\/\/elmundodelapolitica.com\/v1\/?p=2569"},"modified":"2023-04-16T18:40:31","modified_gmt":"2023-04-16T22:40:31","slug":"alburquerque-lanza-sus-aspiraciones-a-la-presidencia-y-critica-al-gobierno","status":"publish","type":"post","link":"https:\/\/elmundodelapolitica.com\/v1\/alburquerque-lanza-sus-aspiraciones-a-la-presidencia-y-critica-al-gobierno\/","title":{"rendered":"Alburquerque lanza sus aspiraciones a la Presidencia y critica al Gobierno"},"content":{"rendered":"\n<p><strong>Santo Domingo .<\/strong>\u2013 El expresidente del Senado, Ram\u00f3n Alburquerque, lanz\u00f3 este domingo sus aspiraciones de obtener la candidatura presidencial por el gobernante Partido Revolucionario Moderno (PRM) y asegur\u00f3 que cuenta con el apoyo de los miembros de la base de esa organizaci\u00f3n que \u201cpermanecen fuera del Gobierno\u201d.<\/p>\n\n\n\n<p>Alburquerque, quien ha sido cr\u00edtico de la gesti\u00f3n del presidente Luis Abinader, dese\u00f3 \u201csuerte\u201d al mandatario en caso de que anuncie su deseo de repetir en el cargo.<\/p>\n\n\n\n<p>\u201cNosotros respetamos su derecho y les deseamos que le vaya bien, pero a nosotros nos ir\u00e1 mejor porque vamos a ganar\u201d, dijo el exlegislador en referencia al presidente.<\/p>\n\n\n\n<p>Consider\u00f3 que el PRM debe ser el \u201cfaro de luz\u201d que conduzca al pueblo dominicano.<\/p>\n\n\n\n<p>A su juicio, el exl\u00edder pol\u00edtico dominicano Jos\u00e9 Francisco Pe\u00f1a G\u00f3mez no fue presidente del pa\u00eds porque la mayor\u00eda del pueblo dominicano se ha dejado \u201cembaucar\u201d por una elite que le hace \u201cvotar al rev\u00e9s\u201d en las elecciones.<\/p>\n\n\n\n<p>\u201cEl 93 por ciento de la poblaci\u00f3n dominicana es mulata y si vemos el gabinete pace que estamos en Finlandia, porque sus miembros son rubios\u201d, dijo en alusi\u00f3n a que Abinader, supuestamente, ha conformado su gobierno con personas de piel blanca.<\/p>\n\n\n\n<p>\u201cEntre los temas que resolveremos desde el Gobierno est\u00e1 el haitiano, adem\u00e1s, vamos a demostrarle al mundo que aqu\u00ed hay un m\u00ednimo de justicia y que se defienden los recursos naturales.<\/p>\n\n\n\n<p>\u201cEn la actualidad, vemos como se patea a la juventud para que vaya a cruzar selvas a arriesgar sus vidas, porque aqu\u00ed se les niega atenci\u00f3n\u201d, opin\u00f3 en alusi\u00f3n a los dominicanos que atraviesan la selva del Dari\u00e9n en Panam\u00e1 en ruta para intentar llegar a Estados Unidos en busca de mejores condiciones de vida.<\/p>\n","protected":false},"excerpt":{"rendered":"<p>Santo Domingo .\u2013 El expresidente del Senado, Ram\u00f3n Alburquerque, lanz\u00f3 este domingo sus aspiraciones de obtener la candidatura presidencial por el gobernante Partido Revolucionario Moderno (PRM) y asegur\u00f3 que cuenta&hellip; <\/p>\n","protected":false},"author":1,"featured_media":2579,"comment_status":"closed","ping_status":"closed","sticky":false,"template":"","format":"standard","meta":{"fifu_image_url":"","fifu_image_alt":"","footnotes":""},"categories":[17],"tags":[],"class_list":["post-2569","post","type-post","status-publish","format-standard","has-post-thumbnail","hentry","category-politica"],"_links":{"self":[{"href":"https:\/\/elmundodelapolitica.com\/v1\/wp-json\/wp\/v2\/posts\/2569","targetHints":{"allow":["GET"]}}],"collection":[{"href":"https:\/\/elmundodelapolitica.com\/v1\/wp-json\/wp\/v2\/posts"}],"about":[{"href":"https:\/\/elmundodelapolitica.com\/v1\/wp-json\/wp\/v2\/types\/post"}],"author":[{"embeddable":true,"href":"https:\/\/elmundodelapolitica.com\/v1\/wp-json\/wp\/v2\/users\/1"}],"replies":[{"embeddable":true,"href":"https:\/\/elmundodelapolitica.com\/v1\/wp-json\/wp\/v2\/comments?post=2569"}],"version-history":[{"count":1,"href":"https:\/\/elmundodelapolitica.com\/v1\/wp-json\/wp\/v2\/posts\/2569\/revisions"}],"predecessor-version":[{"id":2580,"href":"https:\/\/elmundodelapolitica.com\/v1\/wp-json\/wp\/v2\/posts\/2569\/revisions\/2580"}],"wp:featuredmedia":[{"embeddable":true,"href":"https:\/\/elmundodelapolitica.com\/v1\/wp-json\/wp\/v2\/media\/2579"}],"wp:attachment":[{"href":"https:\/\/elmundodelapolitica.com\/v1\/wp-json\/wp\/v2\/media?parent=2569"}],"wp:term":[{"taxonomy":"category","embeddable":true,"href":"https:\/\/elmundodelapolitica.com\/v1\/wp-json\/wp\/v2\/categories?post=2569"},{"taxonomy":"post_tag","embeddable":true,"href":"https:\/\/elmundodelapolitica.com\/v1\/wp-json\/wp\/v2\/tags?post=2569"}],"curies":[{"name":"wp","href":"https:\/\/api.w.org\/{rel}","templated":true}]}}