{"id":2568,"date":"2023-04-16T18:35:35","date_gmt":"2023-04-16T22:35:35","guid":{"rendered":"https:\/\/elmundodelapolitica.com\/v1\/?p=2568"},"modified":"2023-04-16T18:38:35","modified_gmt":"2023-04-16T22:38:35","slug":"diputada-betty-geronimo-presenta-precandidatura-a-alcaldia-por-sdn","status":"publish","type":"post","link":"https:\/\/elmundodelapolitica.com\/v1\/diputada-betty-geronimo-presenta-precandidatura-a-alcaldia-por-sdn\/","title":{"rendered":"Diputada Betty Ger\u00f3nimo presenta precandidatura a alcald\u00eda por SDN"},"content":{"rendered":"\n<p>La diputada y dirigente del Partido Revolucionario Moderno (PRM), Betty Ger\u00f3nimo presento el s\u00e1bado formalmente sus aspiraciones como candidata a la alcald\u00eda por el municipio Santo Domingo Norte para el per\u00edodo 2024-2028.<\/p>\n\n\n\n<p>En el acto llevado a cabo en el multiuso deportivo de Sabana Perdida al lado del Cuerpo de Bomberos, en la Charles de Gaulle, se ha concitado una gran expectativa entre miembros el partido, dirigentes comunitarios y diversos sectores pol\u00edticos y sociales del municipio Santo Domingo Norte.<\/p>\n\n\n\n<p>Ger\u00f3nimo indico estar confiada en que cuenta con la aceptaci\u00f3n de la mayor\u00eda de ciudadanos de ese municipio, que aspiran a tener una gerente municipal que se preocupe verdaderamente por la ciudad y los problemas que la aquejan desde hace tiempo.<\/p>\n\n\n\n<p>Hizo saber que lo que est\u00e1 atravesando SDN es preocupante ante el abandono que est\u00e1n atravesando los mun\u00edcipes al ser olvidados por las autoridades municipales en donde ca\u00f1adas han sido abandonadas, calles sin asfaltar, falta de iluminaci\u00f3n en los barrios, han echado al olvidado el \u00e1rea del deporte, entre otros males.<\/p>\n\n\n\n<p>La aspirante a la candidatura a la alcald\u00eda sostuvo que, tras sostener encuentro con los residentes en sectores como Guaricamo, Villa Mella, Sabana Perdida, Hig\u00fcero, entre otras comunidades, escucho las preocupaciones de diversos sectores de este municipio, por lo que ha decido presentar su candidatura a la alcald\u00eda, con el fin de devolver la tranquilidad a los habitantes de esta demarcaci\u00f3n.<\/p>\n\n\n\n<p>Betty aseguro que trabajar\u00e1 para el fortalecimiento del dinamismo econ\u00f3mico con la construcci\u00f3n del mercado municipal, para acabar con la arrabalizaci\u00f3n en diversos puntos neur\u00e1lgicos de la zona.<\/p>\n\n\n\n<p>Explico que tanto el partido como representantes de los diferentes sectores de la sociedad les han solicitado que asuma el proyecto pol\u00edtico en aras de lograr el control del poder municipal y desde all\u00ed contribuir con la evoluci\u00f3n del gobierno local, impulsando iniciativas que contribuyan con dinamizar la econom\u00eda local y promover los espacios ecotur\u00edsticos del municipio.<\/p>\n\n\n\n<p>Dejo saber que ira a la alcald\u00eda a promover el municipio como unas de las rutas preferidas del pa\u00eds para disfrutar sus atractivos culturales, deportivos, ecotur\u00edsticos, gastron\u00f3micos y como una ciudad inclusiva y sustentable.<\/p>\n\n\n\n<p>A la actividad acudieron altos dirigentes del PRM, entre ellos el ex presidente Hip\u00f3lito Mej\u00eda, el presidente de la c\u00e1mara de diputados Alfredo Pacheco, el senador por la provincia Santo Domingo Antonio Taveras, el ministro de Energ\u00eda y Minas Antonio Almonte entre otros, quienes apoyaron la iniciativa de Betty Ger\u00f3nimo de su lanzamiento en cusca de la alcald\u00eda de Santo Domingo Norte.<\/p>\n","protected":false},"excerpt":{"rendered":"<p>La diputada y dirigente del Partido Revolucionario Moderno (PRM), Betty Ger\u00f3nimo presento el s\u00e1bado formalmente sus aspiraciones como candidata a la alcald\u00eda por el municipio Santo Domingo Norte para el&hellip; <\/p>\n","protected":false},"author":1,"featured_media":2575,"comment_status":"closed","ping_status":"closed","sticky":false,"template":"","format":"standard","meta":{"fifu_image_url":"","fifu_image_alt":"","footnotes":""},"categories":[17],"tags":[],"class_list":["post-2568","post","type-post","status-publish","format-standard","has-post-thumbnail","hentry","category-politica"],"_links":{"self":[{"href":"https:\/\/elmundodelapolitica.com\/v1\/wp-json\/wp\/v2\/posts\/2568","targetHints":{"allow":["GET"]}}],"collection":[{"href":"https:\/\/elmundodelapolitica.com\/v1\/wp-json\/wp\/v2\/posts"}],"about":[{"href":"https:\/\/elmundodelapolitica.com\/v1\/wp-json\/wp\/v2\/types\/post"}],"author":[{"embeddable":true,"href":"https:\/\/elmundodelapolitica.com\/v1\/wp-json\/wp\/v2\/users\/1"}],"replies":[{"embeddable":true,"href":"https:\/\/elmundodelapolitica.com\/v1\/wp-json\/wp\/v2\/comments?post=2568"}],"version-history":[{"count":1,"href":"https:\/\/elmundodelapolitica.com\/v1\/wp-json\/wp\/v2\/posts\/2568\/revisions"}],"predecessor-version":[{"id":2576,"href":"https:\/\/elmundodelapolitica.com\/v1\/wp-json\/wp\/v2\/posts\/2568\/revisions\/2576"}],"wp:featuredmedia":[{"embeddable":true,"href":"https:\/\/elmundodelapolitica.com\/v1\/wp-json\/wp\/v2\/media\/2575"}],"wp:attachment":[{"href":"https:\/\/elmundodelapolitica.com\/v1\/wp-json\/wp\/v2\/media?parent=2568"}],"wp:term":[{"taxonomy":"category","embeddable":true,"href":"https:\/\/elmundodelapolitica.com\/v1\/wp-json\/wp\/v2\/categories?post=2568"},{"taxonomy":"post_tag","embeddable":true,"href":"https:\/\/elmundodelapolitica.com\/v1\/wp-json\/wp\/v2\/tags?post=2568"}],"curies":[{"name":"wp","href":"https:\/\/api.w.org\/{rel}","templated":true}]}}