{"id":2538,"date":"2023-04-13T18:07:54","date_gmt":"2023-04-13T22:07:54","guid":{"rendered":"https:\/\/elmundodelapolitica.com\/v1\/?p=2538"},"modified":"2023-04-13T18:07:56","modified_gmt":"2023-04-13T22:07:56","slug":"prm-se-reserva-el-20-de-candidaturas-para-elecciones-de-2024","status":"publish","type":"post","link":"https:\/\/elmundodelapolitica.com\/v1\/prm-se-reserva-el-20-de-candidaturas-para-elecciones-de-2024\/","title":{"rendered":"PRM se reserva el 20 % de candidaturas para elecciones de 2024"},"content":{"rendered":"\n<p>El Partido Revolucionario Moderno (PRM) escogi\u00f3 este mi\u00e9rcoles los m\u00e9todos para escoger sus candidatos para los comicios de 2024, pero tambi\u00e9n tom\u00f3 otras decisiones que impactar\u00e1n en el escenario pol\u00edtico de su organizaci\u00f3n.<\/p>\n\n\n\n<p>Durante el encuentro del Comit\u00e9 Nacional de la organizaci\u00f3n, realizado ayer, se decidi\u00f3 a unanimidad hacer reserva del 20 % de las candidaturas a cargo de elecci\u00f3n popular.<\/p>\n\n\n\n<p>Con relaci\u00f3n a esta decisi\u00f3n, el partido de gobierno explic\u00f3 que obedece a poder tener el rejuego de \u201ccolocar dirigentes del partido y ceder en pactos de alianzas a otras organizaciones pol\u00edticas\".<\/p>\n\n\n\n<p>Se\u00f1al\u00f3 que esas reservas fueron hechas conforme a la Ley 20-23 Org\u00e1nica del R\u00e9gimen Electoral (que derog\u00f3 la 15-19) y la 33-18 de Partidos, Agrupaciones y Movimientos Pol\u00edticos.<\/p>\n\n\n\n<p>El Partido Revolucionario Moderno dijo que, en consecuencia, otorgaba \u201cplenos poderes a la Direcci\u00f3n Ejecutiva para su implementaci\u00f3n\u201d.<\/p>\n\n\n\n<p>Entre padrones y encuestas<br>El Comit\u00e9 Nacional del partido oficialista tambi\u00e9n acord\u00f3 hacer uso de las primarias cerradas para escoger el candidato presidencial que llevar\u00e1 el PRM en las elecciones generales de 2024.<\/p>\n\n\n\n<p>En cuanto a las dem\u00e1s candidaturas decidi\u00f3 que se use, adem\u00e1s de primarias con padr\u00f3n cerrado, convenci\u00f3n de delegados y encuestas, \u201clas cuales podr\u00e1n ser utilizadas por nivel de elecci\u00f3n y por demarcaciones, indistintamente\u201d.<\/p>\n","protected":false},"excerpt":{"rendered":"<p>El Partido Revolucionario Moderno (PRM) escogi\u00f3 este mi\u00e9rcoles los m\u00e9todos para escoger sus candidatos para los comicios de 2024, pero tambi\u00e9n tom\u00f3 otras decisiones que impactar\u00e1n en el escenario pol\u00edtico&hellip; <\/p>\n","protected":false},"author":2,"featured_media":2539,"comment_status":"open","ping_status":"open","sticky":false,"template":"","format":"standard","meta":{"fifu_image_url":"","fifu_image_alt":"","footnotes":""},"categories":[63],"tags":[],"class_list":["post-2538","post","type-post","status-publish","format-standard","has-post-thumbnail","hentry","category-actualidad"],"_links":{"self":[{"href":"https:\/\/elmundodelapolitica.com\/v1\/wp-json\/wp\/v2\/posts\/2538","targetHints":{"allow":["GET"]}}],"collection":[{"href":"https:\/\/elmundodelapolitica.com\/v1\/wp-json\/wp\/v2\/posts"}],"about":[{"href":"https:\/\/elmundodelapolitica.com\/v1\/wp-json\/wp\/v2\/types\/post"}],"author":[{"embeddable":true,"href":"https:\/\/elmundodelapolitica.com\/v1\/wp-json\/wp\/v2\/users\/2"}],"replies":[{"embeddable":true,"href":"https:\/\/elmundodelapolitica.com\/v1\/wp-json\/wp\/v2\/comments?post=2538"}],"version-history":[{"count":1,"href":"https:\/\/elmundodelapolitica.com\/v1\/wp-json\/wp\/v2\/posts\/2538\/revisions"}],"predecessor-version":[{"id":2540,"href":"https:\/\/elmundodelapolitica.com\/v1\/wp-json\/wp\/v2\/posts\/2538\/revisions\/2540"}],"wp:featuredmedia":[{"embeddable":true,"href":"https:\/\/elmundodelapolitica.com\/v1\/wp-json\/wp\/v2\/media\/2539"}],"wp:attachment":[{"href":"https:\/\/elmundodelapolitica.com\/v1\/wp-json\/wp\/v2\/media?parent=2538"}],"wp:term":[{"taxonomy":"category","embeddable":true,"href":"https:\/\/elmundodelapolitica.com\/v1\/wp-json\/wp\/v2\/categories?post=2538"},{"taxonomy":"post_tag","embeddable":true,"href":"https:\/\/elmundodelapolitica.com\/v1\/wp-json\/wp\/v2\/tags?post=2538"}],"curies":[{"name":"wp","href":"https:\/\/api.w.org\/{rel}","templated":true}]}}