{"id":2525,"date":"2023-04-13T17:57:48","date_gmt":"2023-04-13T21:57:48","guid":{"rendered":"https:\/\/elmundodelapolitica.com\/v1\/?p=2525"},"modified":"2023-04-13T18:04:48","modified_gmt":"2023-04-13T22:04:48","slug":"abel-martinez-en-2024-pondremos-al-pueblo-a-comer-a-vivir-en-paz-y-protegeremos-nuestra-soberania","status":"publish","type":"post","link":"https:\/\/elmundodelapolitica.com\/v1\/abel-martinez-en-2024-pondremos-al-pueblo-a-comer-a-vivir-en-paz-y-protegeremos-nuestra-soberania\/","title":{"rendered":"Abel Mart\u00ednez: \u201cEn 2024 pondremos al pueblo a comer, a vivir en paz y protegeremos nuestra soberan\u00eda\u201d"},"content":{"rendered":"<p>El candidato presidencial del Partido de la Liberaci\u00f3n Dominicana (PLD), Abel Mart\u00ednez, afirm\u00f3 que el pueblo est\u00e1 pasando grandes necesidades con unas autoridades que se hacen de la vista gorda, mientras ponen en marcha los motores reeleccionistas sustentados en las mismas promesas incumplidas que los llevaron al poder.<\/p>\n<p>Observ\u00f3 que el retroceso que vive el pa\u00eds es alarmante y los dominicanos no son indiferentes a esa situaci\u00f3n porque la viven en carne propia.<\/p>\n<p>Signific\u00f3 que cada d\u00eda la calidad de vida de la gente se deteriora como consecuencia de una comida cara, de medicamentos que necesitan y que no pueden comprar, pero tambi\u00e9n no los reciben por parte del Estado.<\/p>\n<p>Mart\u00ednez expres\u00f3 porque este es un gobierno que ha demostrado ser enemigo de la clase media y enemigo de los pobres.<\/p>\n<p>A trav\u00e9s de un comunicado de prensa, Abel Mart\u00ednez volvi\u00f3 a poner el dedo en la llaga del tema haitiano, asegurando que desde el Estado mismo se est\u00e1 propiciando la entrega de la soberan\u00eda del pa\u00eds con un plan macabro que tiene como objetivo la haitianizaci\u00f3n de Rep\u00fablica Dominicana.<\/p>\n<p>\u201cEl gobierno miente descaradamente al hacer pronunciamientos en torno al tema migratorio cuando la realidad es que vivimos la \u00e9poca de mayor debilidad en controles migratorios, y lo vemos diariamente en nuestras calles. No existe un municipio, un sector, una urbanizaci\u00f3n que no est\u00e9 minada de haitianos indocumentados y ni hablar de la realidad que se palpa en nuestro sistema de salud\u201d, asegur\u00f3 el l\u00edder pol\u00edtico.<\/p>\n<p>Abel Mart\u00ednez puso de ejemplo el hecho de que de los nacimientos que se est\u00e1n registrando en los hospitales y maternidades del pa\u00eds donde m\u00e1s del 50% son de parturientas haitianas indocumentadas, porcentaje que aumenta mucho m\u00e1s en las provincias de la zona fronteriza.<\/p>\n","protected":false},"excerpt":{"rendered":"<p>El candidato presidencial del Partido de la Liberaci\u00f3n Dominicana (PLD), Abel Mart\u00ednez, afirm\u00f3 que el pueblo est\u00e1 pasando grandes necesidades con unas autoridades que se hacen de la vista gorda,&hellip; <\/p>\n","protected":false},"author":2,"featured_media":2528,"comment_status":"closed","ping_status":"closed","sticky":false,"template":"","format":"standard","meta":{"fifu_image_url":"","fifu_image_alt":"","footnotes":""},"categories":[63],"tags":[],"class_list":["post-2525","post","type-post","status-publish","format-standard","has-post-thumbnail","hentry","category-actualidad"],"_links":{"self":[{"href":"https:\/\/elmundodelapolitica.com\/v1\/wp-json\/wp\/v2\/posts\/2525","targetHints":{"allow":["GET"]}}],"collection":[{"href":"https:\/\/elmundodelapolitica.com\/v1\/wp-json\/wp\/v2\/posts"}],"about":[{"href":"https:\/\/elmundodelapolitica.com\/v1\/wp-json\/wp\/v2\/types\/post"}],"author":[{"embeddable":true,"href":"https:\/\/elmundodelapolitica.com\/v1\/wp-json\/wp\/v2\/users\/2"}],"replies":[{"embeddable":true,"href":"https:\/\/elmundodelapolitica.com\/v1\/wp-json\/wp\/v2\/comments?post=2525"}],"version-history":[{"count":1,"href":"https:\/\/elmundodelapolitica.com\/v1\/wp-json\/wp\/v2\/posts\/2525\/revisions"}],"predecessor-version":[{"id":2537,"href":"https:\/\/elmundodelapolitica.com\/v1\/wp-json\/wp\/v2\/posts\/2525\/revisions\/2537"}],"wp:featuredmedia":[{"embeddable":true,"href":"https:\/\/elmundodelapolitica.com\/v1\/wp-json\/wp\/v2\/media\/2528"}],"wp:attachment":[{"href":"https:\/\/elmundodelapolitica.com\/v1\/wp-json\/wp\/v2\/media?parent=2525"}],"wp:term":[{"taxonomy":"category","embeddable":true,"href":"https:\/\/elmundodelapolitica.com\/v1\/wp-json\/wp\/v2\/categories?post=2525"},{"taxonomy":"post_tag","embeddable":true,"href":"https:\/\/elmundodelapolitica.com\/v1\/wp-json\/wp\/v2\/tags?post=2525"}],"curies":[{"name":"wp","href":"https:\/\/api.w.org\/{rel}","templated":true}]}}