{"id":2499,"date":"2023-04-12T15:15:51","date_gmt":"2023-04-12T19:15:51","guid":{"rendered":"https:\/\/elmundodelapolitica.com\/v1\/?p=2499"},"modified":"2023-04-12T15:15:51","modified_gmt":"2023-04-12T19:15:51","slug":"gobierno-aumenta-20-el-salario-minimo-de-los-trabajadores-en-zona-franca-industrial","status":"publish","type":"post","link":"https:\/\/elmundodelapolitica.com\/v1\/gobierno-aumenta-20-el-salario-minimo-de-los-trabajadores-en-zona-franca-industrial\/","title":{"rendered":"Gobierno aumenta 20 % el salario m\u00ednimo de los trabajadores en zona franca industrial"},"content":{"rendered":"<div>\n<p>Santo Domingo. \u2013 El Gobierno dominicano, a trav\u00e9s del\u00a0<strong>Ministerio de Trabajo y el Comit\u00e9 Nacional de Salarios (CNS)<\/strong>, dispuso un aumento de un\u00a0<strong>20%<\/strong>\u00a0sobre el\u00a0<strong>salario m\u00ednimo<\/strong>\u00a0nacional para los trabajadores del sector de\u00a0<strong>zonas francas industriales.<\/strong><\/p>\n<p><strong>El ministro de Trabajo, Luis Miguel De Camps Garc\u00eda<\/strong>, al informar sobre el aumento, expres\u00f3 que este es producto de un trabajo continuo y coordinado para, sobre la base del\u00a0<strong>consenso<\/strong>, lograr mejoras en la\u00a0<strong>calidad de vida<\/strong>\u00a0de los trabajadores.<\/p>\n<p><em>\u201cEstamos concentrados en producir los acuerdos que nos permitan avanzar hacia la mejora del salario real de los trabajadores de cada uno de los sectores del pa\u00eds. Es una visi\u00f3n del presidente Luis Abinader que ejecutamos desde este ministerio\u201d,<\/em>\u00a0agreg\u00f3 el funcionario.<\/p>\n<p>Mientras que\u00a0<strong>el director general del CNS, Angel Mart\u00edn Mieses,<\/strong>\u00a0expres\u00f3 que este incremento salarial se ha logrado luego de escuchar los distintos\u00a0<strong>planteamientos del sector empresarial y del sector de los trabajadores.<\/strong><\/p>\n<p>A\u00f1adi\u00f3 que la nueva escala salarial fue aprobada en dos partidas, la primera de un\u00a0<strong>15 % que ser\u00e1 efectiva a partir del 1 de mayo<\/strong>\u00a0del a\u00f1o en curso y la segunda de un<strong>\u00a05 % con efectividad al 1 de abril del a\u00f1o 2024.<\/strong><\/p>\n<figure class=\"wp-block-image\"><img decoding=\"async\" src=\"https:\/\/i0.wp.com\/presidencia.gob.do\/sites\/default\/files\/content\/Comit\u00e9 Nacional de Salarios (1).jpeg?w=1110&amp;ssl=1\" alt=\"\" data-recalc-dims=\"1\"><\/figure>\n<p>En virtud de las atribuciones que le confieren los art\u00edculos del 452 al 464 del\u00a0<strong>C\u00f3digo de Trabajo y su Reglamento Interior No.512<\/strong>\u00a0de fecha 10 de diciembre de 1997, el CNS orden\u00f3 fijar el citado salario en\u00a0<strong>RD16,000.00 en la primera partida y en RD 16,700.00 en la segunda partida.<\/strong><\/p>\n<p><strong>La Resoluci\u00f3n CNS-02-2023,<\/strong>\u00a0que dispone el aumento salarial para los trabajadores de zonas francas, modifica en cuanto sea necesario cualquier otra parte que le sea contraria. Adem\u00e1s, la misma debe ser fijada de manera permanente en un\u00a0<strong>lugar visible de cada establecimiento<\/strong>\u00a0en donde se realice el trabajo.<\/p>\n<p><strong>La nueva Resoluci\u00f3n modifica la No. CNS-03-21<\/strong>, de fecha siete (07) de diciembre del a\u00f1o dos mil veintiuno (2021), dictada por el Comit\u00e9 Nacional de Salarios, la cual fija el salario m\u00ednimo a favor de los trabajadores que prestan servicios en las empresas de zonas francas industriales.<\/p>\n<\/div>\n","protected":false},"excerpt":{"rendered":"<p>Santo Domingo. \u2013 El Gobierno dominicano, a trav\u00e9s del\u00a0Ministerio de Trabajo y el Comit\u00e9 Nacional de Salarios (CNS), dispuso un aumento de un\u00a020%\u00a0sobre el\u00a0salario m\u00ednimo\u00a0nacional para los trabajadores del sector&hellip; <\/p>\n","protected":false},"author":2,"featured_media":2500,"comment_status":"closed","ping_status":"closed","sticky":false,"template":"","format":"standard","meta":{"fifu_image_url":"https:\/\/i0.wp.com\/presidencia.gob.do\/sites\/default\/files\/content\/Comit\u00e9%20Nacional%20de%20Salarios%20(1).jpeg?w=1110&ssl=1","fifu_image_alt":"Gobierno aumenta 20 % el salario m\u00ednimo de los trabajadores en zona franca industrial","footnotes":""},"categories":[63],"tags":[],"class_list":["post-2499","post","type-post","status-publish","format-standard","has-post-thumbnail","hentry","category-actualidad"],"_links":{"self":[{"href":"https:\/\/elmundodelapolitica.com\/v1\/wp-json\/wp\/v2\/posts\/2499","targetHints":{"allow":["GET"]}}],"collection":[{"href":"https:\/\/elmundodelapolitica.com\/v1\/wp-json\/wp\/v2\/posts"}],"about":[{"href":"https:\/\/elmundodelapolitica.com\/v1\/wp-json\/wp\/v2\/types\/post"}],"author":[{"embeddable":true,"href":"https:\/\/elmundodelapolitica.com\/v1\/wp-json\/wp\/v2\/users\/2"}],"replies":[{"embeddable":true,"href":"https:\/\/elmundodelapolitica.com\/v1\/wp-json\/wp\/v2\/comments?post=2499"}],"version-history":[{"count":0,"href":"https:\/\/elmundodelapolitica.com\/v1\/wp-json\/wp\/v2\/posts\/2499\/revisions"}],"wp:featuredmedia":[{"embeddable":true,"href":"https:\/\/elmundodelapolitica.com\/v1\/wp-json\/wp\/v2\/media\/2500"}],"wp:attachment":[{"href":"https:\/\/elmundodelapolitica.com\/v1\/wp-json\/wp\/v2\/media?parent=2499"}],"wp:term":[{"taxonomy":"category","embeddable":true,"href":"https:\/\/elmundodelapolitica.com\/v1\/wp-json\/wp\/v2\/categories?post=2499"},{"taxonomy":"post_tag","embeddable":true,"href":"https:\/\/elmundodelapolitica.com\/v1\/wp-json\/wp\/v2\/tags?post=2499"}],"curies":[{"name":"wp","href":"https:\/\/api.w.org\/{rel}","templated":true}]}}