{"id":2492,"date":"2023-04-12T14:39:39","date_gmt":"2023-04-12T18:39:39","guid":{"rendered":"https:\/\/elmundodelapolitica.com\/v1\/?p=2492"},"modified":"2023-04-12T14:39:41","modified_gmt":"2023-04-12T18:39:41","slug":"edgar-feliz-valora-resultados-encuesta-rcc-media-gallup-que-otorga-al-presidente-abinader-53-3","status":"publish","type":"post","link":"https:\/\/elmundodelapolitica.com\/v1\/edgar-feliz-valora-resultados-encuesta-rcc-media-gallup-que-otorga-al-presidente-abinader-53-3\/","title":{"rendered":"Edgar F\u00e9liz valora resultados encuesta RCC Media-Gallup que otorga al Presidente Abinader 53.3%"},"content":{"rendered":"\n<p>26.1% a Leonel Fern\u00e1ndez de la Fuerza del Pueblo.<\/p>\n\n\n\n<p>F\u00e9liz M\u00e9ndez, dijo que estos resultados se deben a la excelente obra de gobierno que est\u00e1 realizando el presidente Luis Abinader en su primera gesti\u00f3n.<\/p>\n\n\n\n<p>El tambi\u00e9n director de los Comedores Econ\u00f3micos, manifest\u00f3 que el Presidente Abinader ha dado muestras claras de su capacidad para dirigir los destinos del pa\u00eds en tiempos de la pandemia del Covid-19 y la crisis de la &nbsp;guerra de Ucrania y Rusia.<\/p>\n\n\n\n<p>\"El primer mandatario ha dado prioridad a sectores como la educaci\u00f3n, la agropecuaria, apoyo al turismo, a las micro, peque\u00f1as y medianas empresas, entre otras\", se\u00f1al\u00f3 el dirigente oficialista.<\/p>\n\n\n\n<p>Dijo que el Presidente Luis Abinader ha dado muestra de que &nbsp;es un hombre humilde, con autoridad e ideas claras de hacia d\u00f3nde dirigir los destinos del pa\u00eds.<\/p>\n","protected":false},"excerpt":{"rendered":"<p>26.1% a Leonel Fern\u00e1ndez de la Fuerza del Pueblo. F\u00e9liz M\u00e9ndez, dijo que estos resultados se deben a la excelente obra de gobierno que est\u00e1 realizando el presidente Luis Abinader&hellip; <\/p>\n","protected":false},"author":2,"featured_media":2493,"comment_status":"open","ping_status":"open","sticky":false,"template":"","format":"standard","meta":{"fifu_image_url":"","fifu_image_alt":"","footnotes":""},"categories":[63],"tags":[],"class_list":["post-2492","post","type-post","status-publish","format-standard","has-post-thumbnail","hentry","category-actualidad"],"_links":{"self":[{"href":"https:\/\/elmundodelapolitica.com\/v1\/wp-json\/wp\/v2\/posts\/2492","targetHints":{"allow":["GET"]}}],"collection":[{"href":"https:\/\/elmundodelapolitica.com\/v1\/wp-json\/wp\/v2\/posts"}],"about":[{"href":"https:\/\/elmundodelapolitica.com\/v1\/wp-json\/wp\/v2\/types\/post"}],"author":[{"embeddable":true,"href":"https:\/\/elmundodelapolitica.com\/v1\/wp-json\/wp\/v2\/users\/2"}],"replies":[{"embeddable":true,"href":"https:\/\/elmundodelapolitica.com\/v1\/wp-json\/wp\/v2\/comments?post=2492"}],"version-history":[{"count":1,"href":"https:\/\/elmundodelapolitica.com\/v1\/wp-json\/wp\/v2\/posts\/2492\/revisions"}],"predecessor-version":[{"id":2494,"href":"https:\/\/elmundodelapolitica.com\/v1\/wp-json\/wp\/v2\/posts\/2492\/revisions\/2494"}],"wp:featuredmedia":[{"embeddable":true,"href":"https:\/\/elmundodelapolitica.com\/v1\/wp-json\/wp\/v2\/media\/2493"}],"wp:attachment":[{"href":"https:\/\/elmundodelapolitica.com\/v1\/wp-json\/wp\/v2\/media?parent=2492"}],"wp:term":[{"taxonomy":"category","embeddable":true,"href":"https:\/\/elmundodelapolitica.com\/v1\/wp-json\/wp\/v2\/categories?post=2492"},{"taxonomy":"post_tag","embeddable":true,"href":"https:\/\/elmundodelapolitica.com\/v1\/wp-json\/wp\/v2\/tags?post=2492"}],"curies":[{"name":"wp","href":"https:\/\/api.w.org\/{rel}","templated":true}]}}