{"id":2463,"date":"2023-04-10T13:26:48","date_gmt":"2023-04-10T17:26:48","guid":{"rendered":"https:\/\/elmundodelapolitica.com\/v1\/?p=2463"},"modified":"2023-04-10T13:26:48","modified_gmt":"2023-04-10T17:26:48","slug":"banreservas-lanzara-las-primeras-tarjetas-tactilesen-el-caribe-para-personas-con-discapacidad-visual","status":"publish","type":"post","link":"https:\/\/elmundodelapolitica.com\/v1\/banreservas-lanzara-las-primeras-tarjetas-tactilesen-el-caribe-para-personas-con-discapacidad-visual\/","title":{"rendered":"Banreservas lanzar\u00e1 las primeras tarjetas t\u00e1ctilesen el Caribe para personas con discapacidad visual"},"content":{"rendered":"<div>\n<p>El Banco de Reservas lanzar\u00e1, junto a Mastercard, los primeros pl\u00e1sticos t\u00e1ctiles en el Caribe, para su Tarjeta de D\u00e9bito Standard y Cr\u00e9dito Standard Multimoneda, que contar\u00e1 con un sistema de hendiduras en el lateral derecho, lo cual permitir\u00e1 al usuario identificar la tarjeta s\u00f3lo con el tacto.<\/p>\n<figure class=\"wp-block-image size-large\"><img data-attachment-id=\"27189\" data-permalink=\"https:\/\/elmundodelosnegocios.com.do\/v1\/index.php\/2023\/04\/10\/banreservas-lanzara-las-primeras-tarjetas-tactilesen-el-caribe-para-personas-con-discapacidad-visual\/tarjeta-tactil-de-banreservas-con-troquel-1\/\" data-orig-file=\"https:\/\/i0.wp.com\/elmundodelosnegocios.com.do\/v1\/wp-content\/uploads\/2023\/04\/Tarjeta-Tactil-de-Banreservas-con-troquel-1.jpg?fit=1413%2C711&amp;ssl=1\" data-orig-size=\"1413,711\" data-comments-opened=\"0\" data-image-meta='{\"aperture\":\"0\",\"credit\":\"\",\"camera\":\"\",\"caption\":\"\",\"created_timestamp\":\"0\",\"copyright\":\"\",\"focal_length\":\"0\",\"iso\":\"0\",\"shutter_speed\":\"0\",\"title\":\"\",\"orientation\":\"1\"}' data-image-title=\"Tarjeta-Tactil-de-Banreservas-con-troquel-1\" data-image-description=\"\" data-image-caption=\"\" data-medium-file=\"https:\/\/i0.wp.com\/elmundodelosnegocios.com.do\/v1\/wp-content\/uploads\/2023\/04\/Tarjeta-Tactil-de-Banreservas-con-troquel-1.jpg?fit=300%2C151&amp;ssl=1\" data-large-file=\"https:\/\/i0.wp.com\/elmundodelosnegocios.com.do\/v1\/wp-content\/uploads\/2023\/04\/Tarjeta-Tactil-de-Banreservas-con-troquel-1.jpg?fit=1024%2C515&amp;ssl=1\" decoding=\"async\" loading=\"lazy\" width=\"1024\" height=\"515\" src=\"https:\/\/i0.wp.com\/elmundodelosnegocios.com.do\/v1\/wp-content\/uploads\/2023\/04\/Tarjeta-Tactil-de-Banreservas-con-troquel-1-1024x515.jpg?resize=1024,515&amp;ssl=1\" alt=\"\" class=\"wp-image-27189\" srcset=\"https:\/\/i0.wp.com\/elmundodelosnegocios.com.do\/v1\/wp-content\/uploads\/2023\/04\/Tarjeta-Tactil-de-Banreservas-con-troquel-1.jpg?resize=1024%2C515&amp;ssl=1 1024w, https:\/\/i0.wp.com\/elmundodelosnegocios.com.do\/v1\/wp-content\/uploads\/2023\/04\/Tarjeta-Tactil-de-Banreservas-con-troquel-1.jpg?resize=300%2C151&amp;ssl=1 300w, https:\/\/i0.wp.com\/elmundodelosnegocios.com.do\/v1\/wp-content\/uploads\/2023\/04\/Tarjeta-Tactil-de-Banreservas-con-troquel-1.jpg?resize=768%2C386&amp;ssl=1 768w, https:\/\/i0.wp.com\/elmundodelosnegocios.com.do\/v1\/wp-content\/uploads\/2023\/04\/Tarjeta-Tactil-de-Banreservas-con-troquel-1.jpg?w=1413&amp;ssl=1 1413w\" sizes=\"auto, (max-width: 1024px) 100vw, 1024px\" data-recalc-dims=\"1\"><\/figure>\n<p>Con la introducci\u00f3n de la tecnolog\u00eda Touch Card de Mastercard, Banreservas innova a nivel de dise\u00f1o, ofreciendo una opci\u00f3n de pago segura que mejora la experiencia y promueve la autonom\u00eda financiera de los clientes con discapacidad visual.<\/p>\n<figure class=\"wp-block-image size-large\"><img data-attachment-id=\"27190\" data-permalink=\"https:\/\/elmundodelosnegocios.com.do\/v1\/index.php\/2023\/04\/10\/banreservas-lanzara-las-primeras-tarjetas-tactilesen-el-caribe-para-personas-con-discapacidad-visual\/tarjeta-tactil-de-banreservas-con-troquel-2\/\" data-orig-file=\"https:\/\/i0.wp.com\/elmundodelosnegocios.com.do\/v1\/wp-content\/uploads\/2023\/04\/Tarjeta-Tactil-de-Banreservas-con-troquel-2.jpg?fit=1413%2C711&amp;ssl=1\" data-orig-size=\"1413,711\" data-comments-opened=\"0\" data-image-meta='{\"aperture\":\"0\",\"credit\":\"\",\"camera\":\"\",\"caption\":\"\",\"created_timestamp\":\"0\",\"copyright\":\"\",\"focal_length\":\"0\",\"iso\":\"0\",\"shutter_speed\":\"0\",\"title\":\"\",\"orientation\":\"1\"}' data-image-title=\"Tarjeta-Tactil-de-Banreservas-con-troquel-2\" data-image-description=\"\" data-image-caption=\"\" data-medium-file=\"https:\/\/i0.wp.com\/elmundodelosnegocios.com.do\/v1\/wp-content\/uploads\/2023\/04\/Tarjeta-Tactil-de-Banreservas-con-troquel-2.jpg?fit=300%2C151&amp;ssl=1\" data-large-file=\"https:\/\/i0.wp.com\/elmundodelosnegocios.com.do\/v1\/wp-content\/uploads\/2023\/04\/Tarjeta-Tactil-de-Banreservas-con-troquel-2.jpg?fit=1024%2C515&amp;ssl=1\" decoding=\"async\" loading=\"lazy\" width=\"1024\" height=\"515\" src=\"https:\/\/i0.wp.com\/elmundodelosnegocios.com.do\/v1\/wp-content\/uploads\/2023\/04\/Tarjeta-Tactil-de-Banreservas-con-troquel-2-1024x515.jpg?resize=1024,515&amp;ssl=1\" alt=\"\" class=\"wp-image-27190\" srcset=\"https:\/\/i0.wp.com\/elmundodelosnegocios.com.do\/v1\/wp-content\/uploads\/2023\/04\/Tarjeta-Tactil-de-Banreservas-con-troquel-2.jpg?resize=1024%2C515&amp;ssl=1 1024w, https:\/\/i0.wp.com\/elmundodelosnegocios.com.do\/v1\/wp-content\/uploads\/2023\/04\/Tarjeta-Tactil-de-Banreservas-con-troquel-2.jpg?resize=300%2C151&amp;ssl=1 300w, https:\/\/i0.wp.com\/elmundodelosnegocios.com.do\/v1\/wp-content\/uploads\/2023\/04\/Tarjeta-Tactil-de-Banreservas-con-troquel-2.jpg?resize=768%2C386&amp;ssl=1 768w, https:\/\/i0.wp.com\/elmundodelosnegocios.com.do\/v1\/wp-content\/uploads\/2023\/04\/Tarjeta-Tactil-de-Banreservas-con-troquel-2.jpg?w=1413&amp;ssl=1 1413w\" sizes=\"auto, (max-width: 1024px) 100vw, 1024px\" data-recalc-dims=\"1\"><figcaption class=\"wp-element-caption\">c<\/figcaption><\/figure>\n<p>La instituci\u00f3n financiera precis\u00f3 que la accesibilidad e inclusi\u00f3n financiera de sus m\u00e1s de 2,600 clientes con discapacidad visual, son derechos fundamentales de todas las personas y un compromiso que asume Banreservas y Mastercard con esta nueva oferta para el mercado local.<\/p>\n<p>Esta iniciativa se suma a las acciones que la entidad bancaria viene realizando a favor de este segmento de la poblaci\u00f3n, principalmente a trav\u00e9s de su programa Banreservas Accesible, que apoya el cumplimiento de la Ley 5-13 sobre discapacidad en Rep\u00fablica Dominicana, al igual que su Programa Bancarizar es Patria que promueve la Bancarizaci\u00f3n e inclusi\u00f3n Financiera en el pa\u00eds.<\/p>\n<p>Las tarjetas con borde t\u00e1ctil estar\u00e1n disponibles pr\u00f3ximamente para todos los clientes de Banreservas con discapacidad visual, indic\u00f3 la instituci\u00f3n financiera.<\/p>\n<p>El Banco de Reservas cuenta con un amplio portafolio de servicios, que incluyen tarjetas de cr\u00e9dito y d\u00e9bito destinadas a los distintos segmentos de p\u00fablico.<\/p>\n<\/div>\n","protected":false},"excerpt":{"rendered":"<p>El Banco de Reservas lanzar\u00e1, junto a Mastercard, los primeros pl\u00e1sticos t\u00e1ctiles en el Caribe, para su Tarjeta de D\u00e9bito Standard y Cr\u00e9dito Standard Multimoneda, que contar\u00e1 con un sistema&hellip; <\/p>\n","protected":false},"author":2,"featured_media":2464,"comment_status":"closed","ping_status":"closed","sticky":false,"template":"","format":"standard","meta":{"fifu_image_url":"https:\/\/i0.wp.com\/elmundodelosnegocios.com.do\/v1\/wp-content\/uploads\/2023\/04\/Tarjeta-Tactil-de-Banreservas-con-troquel-1-1024x515.jpg?resize=1024,515&ssl=1","fifu_image_alt":"Banreservas lanzar\u00e1 las primeras tarjetas t\u00e1ctilesen el Caribe para personas con discapacidad visual","footnotes":""},"categories":[63],"tags":[],"class_list":["post-2463","post","type-post","status-publish","format-standard","has-post-thumbnail","hentry","category-actualidad"],"_links":{"self":[{"href":"https:\/\/elmundodelapolitica.com\/v1\/wp-json\/wp\/v2\/posts\/2463","targetHints":{"allow":["GET"]}}],"collection":[{"href":"https:\/\/elmundodelapolitica.com\/v1\/wp-json\/wp\/v2\/posts"}],"about":[{"href":"https:\/\/elmundodelapolitica.com\/v1\/wp-json\/wp\/v2\/types\/post"}],"author":[{"embeddable":true,"href":"https:\/\/elmundodelapolitica.com\/v1\/wp-json\/wp\/v2\/users\/2"}],"replies":[{"embeddable":true,"href":"https:\/\/elmundodelapolitica.com\/v1\/wp-json\/wp\/v2\/comments?post=2463"}],"version-history":[{"count":0,"href":"https:\/\/elmundodelapolitica.com\/v1\/wp-json\/wp\/v2\/posts\/2463\/revisions"}],"wp:featuredmedia":[{"embeddable":true,"href":"https:\/\/elmundodelapolitica.com\/v1\/wp-json\/wp\/v2\/media\/2464"}],"wp:attachment":[{"href":"https:\/\/elmundodelapolitica.com\/v1\/wp-json\/wp\/v2\/media?parent=2463"}],"wp:term":[{"taxonomy":"category","embeddable":true,"href":"https:\/\/elmundodelapolitica.com\/v1\/wp-json\/wp\/v2\/categories?post=2463"},{"taxonomy":"post_tag","embeddable":true,"href":"https:\/\/elmundodelapolitica.com\/v1\/wp-json\/wp\/v2\/tags?post=2463"}],"curies":[{"name":"wp","href":"https:\/\/api.w.org\/{rel}","templated":true}]}}