{"id":2462,"date":"2023-04-10T11:41:01","date_gmt":"2023-04-10T15:41:01","guid":{"rendered":"https:\/\/elmundodelapolitica.com\/v1\/?p=2462"},"modified":"2023-04-10T11:41:01","modified_gmt":"2023-04-10T15:41:01","slug":"mitur-reporta-mas-de-180000-turistas-en-el-pais-esta-semana-santa-hoteles-y-demas-alojamientos-con-95-de-ocupacion","status":"publish","type":"post","link":"https:\/\/elmundodelapolitica.com\/v1\/mitur-reporta-mas-de-180000-turistas-en-el-pais-esta-semana-santa-hoteles-y-demas-alojamientos-con-95-de-ocupacion\/","title":{"rendered":"Mitur reporta m\u00e1s de 180,000 turistas en el pa\u00eds esta Semana Santa; hoteles y dem\u00e1s alojamientos con 95 % de ocupaci\u00f3n"},"content":{"rendered":"<div>\n<p>Santo Domingo.- El Ministerio de Turismo (MITUR) inform\u00f3 que llegaron al pa\u00eds\u00a0<strong>m\u00e1s de 180,000 turistas extranjeros\u00a0<\/strong>para pasar el per\u00edodo de la Semana Santa.<\/p>\n<p><strong>Desde diferentes partes del mundo<\/strong>\u00a0los turistas se trasladaron a Rep\u00fablica Dominicana a disfrutar de esta Semana Mayor, de modo que\u00a0<strong>llenaron las reconocidas playas y hoteles<\/strong>\u00a0en los diferentes destinos.<\/p>\n<p>Seg\u00fan las autoridades, la ocupaci\u00f3n hotelera en los puntos tur\u00edsticos del pa\u00eds sobrepas\u00f3 el\u00a0<strong>95 %,<\/strong>\u00a0y los hoteles de la\u00a0<strong>regi\u00f3n Este<\/strong>\u00a0lo lograron la mayor cantidad de visitas.<\/p>\n<p>La Semana Santa es una de las festividades m\u00e1s esperadas por quienes visitan el pa\u00eds, ya que permite hacer una\u00a0<strong>pausa tanto laboral como escolar<\/strong>, por lo que se incrementan las\u00a0<strong>vacaciones en familia<\/strong>.<\/p>\n<p>Como es tradici\u00f3n, los destinos costeros han sido los m\u00e1s visitados en estos d\u00edas, como es el caso de la\u00a0<strong>regi\u00f3n Este y Noreste<\/strong>. Sin embargo, tambi\u00e9n se pudo observar una cantidad importante de visitantes en las provincias de\u00a0<strong>la regi\u00f3n Sur, como Barahona y Pedernales.<\/strong><\/p>\n<p>El Gobierno dominicano despleg\u00f3\u00a0<strong>m\u00e1s de 40,000 hombres y mujeres<\/strong>\u00a0de las diferentes instituciones de seguridad del Estado, con el objetivo de prevenir cualquier incidencia, especialmente en los destinos tur\u00edsticos, como resultado del\u00a0<strong>aumento de personas<\/strong>\u00a0que llegan en esos d\u00edas a disfrutar de las bellezas naturales de nuestro pa\u00eds.<\/p>\n<p>Para este a\u00f1o\u00a0<strong>se esperan que se alcancen n\u00fameros r\u00e9cords en la llegada de turistas a Quisqueya<\/strong>, igual que como sucedi\u00f3 en el a\u00f1o 2022. Tomando esto en cuenta el Gobierno dominicano ha estado fortaleciendo los destinos tur\u00edsticos en la parte de\u00a0<strong>seguridad e infraestructura<\/strong>, como es el caso de las playas Macao, Caleta y Guayacanes, as\u00ed como tambi\u00e9n,\u00f1 Los Patos, el Quema\u00edto, Saladilla, Las Galeras, Las Terrenas y otras m\u00e1s.<\/p>\n<p>Estas playas han sido dotadas de importantes obras de infraestructura, ejecutadas a trav\u00e9s del Ministerio de Turismo, lo que permite a turistas extranjeros y visitantes locales tener las\u00a0<strong>condiciones necesarias para disfrutar de manera segura nuestros destinos.<\/strong><\/p>\n<\/div>\n","protected":false},"excerpt":{"rendered":"<p>Santo Domingo.- El Ministerio de Turismo (MITUR) inform\u00f3 que llegaron al pa\u00eds\u00a0m\u00e1s de 180,000 turistas extranjeros\u00a0para pasar el per\u00edodo de la Semana Santa. Desde diferentes partes del mundo\u00a0los turistas se&hellip; <\/p>\n","protected":false},"author":2,"featured_media":0,"comment_status":"closed","ping_status":"closed","sticky":false,"template":"","format":"standard","meta":{"fifu_image_url":"","fifu_image_alt":"","footnotes":""},"categories":[63],"tags":[],"class_list":["post-2462","post","type-post","status-publish","format-standard","hentry","category-actualidad"],"_links":{"self":[{"href":"https:\/\/elmundodelapolitica.com\/v1\/wp-json\/wp\/v2\/posts\/2462","targetHints":{"allow":["GET"]}}],"collection":[{"href":"https:\/\/elmundodelapolitica.com\/v1\/wp-json\/wp\/v2\/posts"}],"about":[{"href":"https:\/\/elmundodelapolitica.com\/v1\/wp-json\/wp\/v2\/types\/post"}],"author":[{"embeddable":true,"href":"https:\/\/elmundodelapolitica.com\/v1\/wp-json\/wp\/v2\/users\/2"}],"replies":[{"embeddable":true,"href":"https:\/\/elmundodelapolitica.com\/v1\/wp-json\/wp\/v2\/comments?post=2462"}],"version-history":[{"count":0,"href":"https:\/\/elmundodelapolitica.com\/v1\/wp-json\/wp\/v2\/posts\/2462\/revisions"}],"wp:attachment":[{"href":"https:\/\/elmundodelapolitica.com\/v1\/wp-json\/wp\/v2\/media?parent=2462"}],"wp:term":[{"taxonomy":"category","embeddable":true,"href":"https:\/\/elmundodelapolitica.com\/v1\/wp-json\/wp\/v2\/categories?post=2462"},{"taxonomy":"post_tag","embeddable":true,"href":"https:\/\/elmundodelapolitica.com\/v1\/wp-json\/wp\/v2\/tags?post=2462"}],"curies":[{"name":"wp","href":"https:\/\/api.w.org\/{rel}","templated":true}]}}