{"id":2450,"date":"2023-04-09T21:12:19","date_gmt":"2023-04-10T01:12:19","guid":{"rendered":"https:\/\/elmundodelapolitica.com\/v1\/?p=2450"},"modified":"2023-04-10T10:51:41","modified_gmt":"2023-04-10T14:51:41","slug":"delegacion-dominicana-concluye-agenda-de-trabajo-en-japon-y-corea","status":"publish","type":"post","link":"https:\/\/elmundodelapolitica.com\/v1\/delegacion-dominicana-concluye-agenda-de-trabajo-en-japon-y-corea\/","title":{"rendered":"Concluyen Vicepresidenta Pena y Ministros relevante jornada Jap\u00f3n y Corea"},"content":{"rendered":"\n<p>SE\u00daL, Corea.- Una misi\u00f3n oficial de la Rep\u00fablica Dominicana, integrada por la vicepresidenta Raquel Pe\u00f1a y otros cuatro algos funcionarios, concluy\u00f3 este s\u00e1bado una visita a Corea del Sur durante a cual se reuni\u00f3 con el Primer Ministro, empresarios, banqueros y funcionarios.<\/p>\n\n\n\n<p>El grupo lleg\u00f3 a la capital coreana el mi\u00e9rcoles \u00faltimo tras haber estado cuatro d\u00edas en Jap\u00f3n.<\/p>\n\n\n\n<p>Adem\u00e1s de Pe\u00f1a, estuvo integrado por los ministros Pavel Isa, de Econom\u00eda, Planificaci\u00f3n y Desarrollo; Antonio Almonte, de Energ\u00eda y Minas, y V\u00edctor Bison\u00f2, de Industria, Comercio y Mipymes, as\u00ed como Viviana Biviero, de ProDominicana y los empresarios Manuel Corripio, vicepresidente del Grupo Corripio y representante en Rep\u00fablica Dominicana de la empresa Samsung, y Avelino Rodr\u00edguez , presidente de la C\u00e1mara Dominico-Coreana.<\/p>\n\n\n\n<p>Todos calificaron su visita a los dos pa\u00edses de altamente positiva y beneficiosa.<\/p>\n\n\n\n<p>ENCUENTROS EN COREA<\/p>\n\n\n\n<p>La Vicepresidenta se reuni\u00f3 con el primer ministro coreano Han Duck-soo, quien destac\u00f3 que la visita de los dominicanos era la primera de ese nivel en los \u00faltimos 17 a\u00f1os, pr\u00f3ximo a cumplirse 60 a\u00f1os del inicio de las relaciones bilaterales entre Rep\u00fablica Dominicana y Corea.<\/p>\n\n\n\n<p>Otra reuni\u00f3n fue con Bam Ki-Moon, ex secretario general de las Naciones Unidas y actual presidente de la asamblea del Instituto Global para \u00e9l Crecimiento Verde, a quien le fue entregada una comunicaci\u00f3n mediante la cual se solicita el ingreso de Rep\u00fablica Dominicana como miembro de esta entidad.<\/p>\n\n\n\n<p>Tambi\u00e9n la delegaci\u00f3n dominicana se reuni\u00f3 con Hee-sung Yoon, presidente del Banco de Exportaciones e Importaciones de Corea (KExinbank); HyeongJung Yoon, presidente de la Corporaci\u00f3n de Aeropuertos de Corea; TM Roch, CEO de la empresa Samsung Mobile y sus principales ejecutivos; Jae Hoon Vhang, presidente de Hyndai Motors Company; Dong Chul Cho, presidente del Instituto de Desarrollo de Corea (KDI); Joon Kim, presidente de la Federaci\u00f3n de Industrias Coreanas y con Young-ILSon, presidente de Dohwa Engineering..<\/p>\n\n\n\n<p>Con el Ministro de Comercio Industria y Energ\u00eda (MOTIE) el grupo firm\u00f3 un documento para el establecimiento de un grupo de trabajo sobre comercio, inversi\u00f3n, cadenas productivas y energ\u00eda.<\/p>\n\n\n\n<p>La agenda concluy\u00f3 con una reuni\u00f3n con Won Hee-ryong, ministro de Tierras, Infraestructuras y Transparente, y otra con el presidente y CEO de la empresa KEPCO.<\/p>\n\n\n\n<p>Tanto las autoridades dominicanas como las coreanas coincidieron se\u00f1alar que las expectativas de trabajos conjuntos en distintas \u00e1reas son muy altas y manifestaron que los resultados podr\u00edan verse r\u00e1pidamente.<\/p>\n","protected":false},"excerpt":{"rendered":"<p>SE\u00daL, Corea.- Una misi\u00f3n oficial de la Rep\u00fablica Dominicana, integrada por la vicepresidenta Raquel Pe\u00f1a y otros cuatro algos funcionarios, concluy\u00f3 este s\u00e1bado una visita a Corea del Sur durante&hellip; <\/p>\n","protected":false},"author":2,"featured_media":2451,"comment_status":"closed","ping_status":"closed","sticky":false,"template":"","format":"standard","meta":{"fifu_image_url":"","fifu_image_alt":"","footnotes":""},"categories":[54],"tags":[],"class_list":["post-2450","post","type-post","status-publish","format-standard","has-post-thumbnail","hentry","category-politica_exterior"],"_links":{"self":[{"href":"https:\/\/elmundodelapolitica.com\/v1\/wp-json\/wp\/v2\/posts\/2450","targetHints":{"allow":["GET"]}}],"collection":[{"href":"https:\/\/elmundodelapolitica.com\/v1\/wp-json\/wp\/v2\/posts"}],"about":[{"href":"https:\/\/elmundodelapolitica.com\/v1\/wp-json\/wp\/v2\/types\/post"}],"author":[{"embeddable":true,"href":"https:\/\/elmundodelapolitica.com\/v1\/wp-json\/wp\/v2\/users\/2"}],"replies":[{"embeddable":true,"href":"https:\/\/elmundodelapolitica.com\/v1\/wp-json\/wp\/v2\/comments?post=2450"}],"version-history":[{"count":2,"href":"https:\/\/elmundodelapolitica.com\/v1\/wp-json\/wp\/v2\/posts\/2450\/revisions"}],"predecessor-version":[{"id":2453,"href":"https:\/\/elmundodelapolitica.com\/v1\/wp-json\/wp\/v2\/posts\/2450\/revisions\/2453"}],"wp:featuredmedia":[{"embeddable":true,"href":"https:\/\/elmundodelapolitica.com\/v1\/wp-json\/wp\/v2\/media\/2451"}],"wp:attachment":[{"href":"https:\/\/elmundodelapolitica.com\/v1\/wp-json\/wp\/v2\/media?parent=2450"}],"wp:term":[{"taxonomy":"category","embeddable":true,"href":"https:\/\/elmundodelapolitica.com\/v1\/wp-json\/wp\/v2\/categories?post=2450"},{"taxonomy":"post_tag","embeddable":true,"href":"https:\/\/elmundodelapolitica.com\/v1\/wp-json\/wp\/v2\/tags?post=2450"}],"curies":[{"name":"wp","href":"https:\/\/api.w.org\/{rel}","templated":true}]}}