{"id":2445,"date":"2023-04-08T10:32:09","date_gmt":"2023-04-08T14:32:09","guid":{"rendered":"https:\/\/elmundodelapolitica.com\/v1\/?p=2445"},"modified":"2023-04-08T10:32:09","modified_gmt":"2023-04-08T14:32:09","slug":"cancer-colon-ocupa-tercer-lugar-entre-mas-diagnosticados-mundo","status":"publish","type":"post","link":"https:\/\/elmundodelapolitica.com\/v1\/cancer-colon-ocupa-tercer-lugar-entre-mas-diagnosticados-mundo\/","title":{"rendered":"C\u00e1ncer colon ocupa tercer lugar entre m\u00e1s diagnosticados mundo"},"content":{"rendered":"<div>\n<p><strong>SANTO DOMINGO, R.D.-\u00a0<\/strong>El c\u00e1ncer de colon ocupa el tercer lugar entre los c\u00e1nceres m\u00e1s diagnosticados a nivel mundial, y entre los factores de riesgo causantes de esa patolog\u00eda figura la edad avanzada, sobrepeso y obesidad, los malos h\u00e1bitos alimenticios y la inactividad f\u00edsica, entre otros.<\/p>\n<figure class=\"wp-block-image size-large\"><img loading=\"lazy\" data-attachment-id=\"27161\" data-permalink=\"https:\/\/elmundodelosnegocios.com.do\/v1\/index.php\/2023\/04\/08\/cancer-colon-ocupa-tercer-lugar-entre-mas-diagnosticados-mundo\/1-346\/\" data-orig-file=\"https:\/\/i0.wp.com\/elmundodelosnegocios.com.do\/v1\/wp-content\/uploads\/2023\/04\/1.jpg?fit=1057%2C772&amp;ssl=1\" data-orig-size=\"1057,772\" data-comments-opened=\"0\" data-image-meta='{\"aperture\":\"10\",\"credit\":\"Max Zorrilla    8098198300\",\"camera\":\"Canon EOS REBEL T3i\",\"caption\":\"\",\"created_timestamp\":\"1395252536\",\"copyright\":\"\",\"focal_length\":\"47\",\"iso\":\"200\",\"shutter_speed\":\"0.00625\",\"title\":\"\",\"orientation\":\"1\"}' data-image-title=\"Doctor Marcos Guerra, gastroenter\u00f3logo de Hospiten Santo Domingo\" data-image-description=\"&lt;p&gt;Doctor Marcos Guerra, gastroenter\u00f3logo de Hospiten Santo Domingo&lt;\/p&gt;\n\" data-image-caption=\"&lt;p&gt;Doctor Marcos Guerra, gastroenter\u00f3logo de Hospiten Santo Domingo&lt;\/p&gt;\n\" data-medium-file=\"https:\/\/i0.wp.com\/elmundodelosnegocios.com.do\/v1\/wp-content\/uploads\/2023\/04\/1.jpg?fit=300%2C219&amp;ssl=1\" data-large-file=\"https:\/\/i0.wp.com\/elmundodelosnegocios.com.do\/v1\/wp-content\/uploads\/2023\/04\/1.jpg?fit=1024%2C748&amp;ssl=1\" decoding=\"async\" width=\"1024\" height=\"748\" src=\"https:\/\/i0.wp.com\/elmundodelosnegocios.com.do\/v1\/wp-content\/uploads\/2023\/04\/1.jpg?resize=1024,748\" alt=\"Doctor Marcos Guerra, gastroenter\u00f3logo de Hospiten Santo Domingo\" class=\"wp-image-27161\" srcset=\"https:\/\/i0.wp.com\/elmundodelosnegocios.com.do\/v1\/wp-content\/uploads\/2023\/04\/1.jpg?resize=1024,748&amp;ssl=1 1024w, https:\/\/i0.wp.com\/elmundodelosnegocios.com.do\/v1\/wp-content\/uploads\/2023\/04\/1.jpg?resize=300%2C219&amp;ssl=1 300w, https:\/\/i0.wp.com\/elmundodelosnegocios.com.do\/v1\/wp-content\/uploads\/2023\/04\/1.jpg?resize=768%2C561&amp;ssl=1 768w, https:\/\/i0.wp.com\/elmundodelosnegocios.com.do\/v1\/wp-content\/uploads\/2023\/04\/1.jpg?w=1057&amp;ssl=1 1057w\" sizes=\"auto, (max-width: 1024px) 100vw, 1024px\" data-recalc-dims=\"1\"><figcaption class=\"wp-element-caption\">Doctor Marcos Guerra, gastroenter\u00f3logo de Hospiten Santo Domingo<\/figcaption><\/figure>\n<p>La informaci\u00f3n la ofreci\u00f3 el doctor Marcos Guerra, gastroenter\u00f3logo del Hospiten Santo Domingo, al conmemorarse, este 31 de marzo el D\u00eda Mundial Contra el C\u00e1ncer de Colon, quien dijo que a partir de los 50 a\u00f1os hay m\u00e1s propensi\u00f3n a padecer.<\/p>\n<p>Consider\u00f3 de mucha importancia tener una rutina de chequeos peri\u00f3dicos para diagnosticar temprano, porque es la \u00fanica manera de descubrir adenomas en los intestinos, que \u201ca\u00f1os m\u00e1s tarde se convertir\u00e1n en c\u00e1ncer de colon\u201d.<\/p>\n<p>Indic\u00f3 que, para prevenir la aparici\u00f3n de c\u00e1ncer de colon, b\u00e1sicamente, es necesario una alimentaci\u00f3n baja en grasa animal y rica en frutas, verduras y granos integrales.<\/p>\n<p>\u201cLos s\u00edntomas del c\u00e1ncer de colon incluyen cambios intestinales persistentes, como diarrea o estre\u00f1imiento, o un cambio en la consistencia de las heces; sangrado rectal o sangre en las heces, molestia abdominal continuada como calambres, gases o dolor, anemia y obstrucci\u00f3n intestinal\u201d, explic\u00f3 Guerra.<\/p>\n<p>El galeno, aunque no explic\u00f3 la certeza del crecimiento, advirti\u00f3 que el c\u00e1ncer de colon aumenta entre las personas menores de 50 a\u00f1os, y \u201cestim\u00f3 que entre el 5% y el 10% de los casos de c\u00e1ncer de colon son hereditarios\u201d.<\/p>\n<p>La tasa de sobrevivencia -se\u00f1al\u00f3 Guerra- con un diagn\u00f3stico de 5 a\u00f1os ronda el 64%, pero si se diagnostica \u201cen un estado localizado\u201d la tasa de sobrevivencia es del 91%.<\/p>\n<p>Finalmente, el doctor Guerra dijo que una poblaci\u00f3n con mayor educaci\u00f3n y cultura, que comprende la necesidad de hacerse revisiones m\u00e9dicas peri\u00f3dicas, disminuir\u00eda la tasa de mortalidad del c\u00e1ncer, porque permite su detecci\u00f3n temprana y por ende un tratamiento m\u00e1s efectivo.<\/p>\n<p><strong>Sobre Hospiten<\/strong><\/p>\n<p>Grupo Hospiten es una red sanitaria internacional comprometida con la prestaci\u00f3n de un servicio de m\u00e1xima calidad, con experiencia de m\u00e1s de 50 a\u00f1os, que cuenta con 20 centros m\u00e9dico-hospitalarios privados en Espa\u00f1a, Rep\u00fablica Dominicana, M\u00e9xico, Jamaica y Panam\u00e1, y m\u00e1s de 100 centros m\u00e9dicos ambulatorios, bajo la marca Clinic Assist. Fundado por el Dr. Pedro Luis Cobiella, atiende anualmente a m\u00e1s de dos millones de pacientes de todo el mundo, y cuenta con una plantilla de m\u00e1s de 5.000 personas.<\/p>\n<\/div>\n","protected":false},"excerpt":{"rendered":"<p>SANTO DOMINGO, R.D.-\u00a0El c\u00e1ncer de colon ocupa el tercer lugar entre los c\u00e1nceres m\u00e1s diagnosticados a nivel mundial, y entre los factores de riesgo causantes de esa patolog\u00eda figura la&hellip; <\/p>\n","protected":false},"author":2,"featured_media":2446,"comment_status":"closed","ping_status":"closed","sticky":false,"template":"","format":"standard","meta":{"fifu_image_url":"https:\/\/i0.wp.com\/elmundodelosnegocios.com.do\/v1\/wp-content\/uploads\/2023\/04\/1.jpg?resize=1024,748","fifu_image_alt":"C\u00e1ncer colon ocupa tercer lugar entre m\u00e1s diagnosticados mundo","footnotes":""},"categories":[63],"tags":[],"class_list":["post-2445","post","type-post","status-publish","format-standard","has-post-thumbnail","hentry","category-actualidad"],"_links":{"self":[{"href":"https:\/\/elmundodelapolitica.com\/v1\/wp-json\/wp\/v2\/posts\/2445","targetHints":{"allow":["GET"]}}],"collection":[{"href":"https:\/\/elmundodelapolitica.com\/v1\/wp-json\/wp\/v2\/posts"}],"about":[{"href":"https:\/\/elmundodelapolitica.com\/v1\/wp-json\/wp\/v2\/types\/post"}],"author":[{"embeddable":true,"href":"https:\/\/elmundodelapolitica.com\/v1\/wp-json\/wp\/v2\/users\/2"}],"replies":[{"embeddable":true,"href":"https:\/\/elmundodelapolitica.com\/v1\/wp-json\/wp\/v2\/comments?post=2445"}],"version-history":[{"count":0,"href":"https:\/\/elmundodelapolitica.com\/v1\/wp-json\/wp\/v2\/posts\/2445\/revisions"}],"wp:featuredmedia":[{"embeddable":true,"href":"https:\/\/elmundodelapolitica.com\/v1\/wp-json\/wp\/v2\/media\/2446"}],"wp:attachment":[{"href":"https:\/\/elmundodelapolitica.com\/v1\/wp-json\/wp\/v2\/media?parent=2445"}],"wp:term":[{"taxonomy":"category","embeddable":true,"href":"https:\/\/elmundodelapolitica.com\/v1\/wp-json\/wp\/v2\/categories?post=2445"},{"taxonomy":"post_tag","embeddable":true,"href":"https:\/\/elmundodelapolitica.com\/v1\/wp-json\/wp\/v2\/tags?post=2445"}],"curies":[{"name":"wp","href":"https:\/\/api.w.org\/{rel}","templated":true}]}}