{"id":2440,"date":"2023-04-07T03:37:21","date_gmt":"2023-04-07T07:37:21","guid":{"rendered":"https:\/\/elmundodelapolitica.com\/v1\/?p=2440"},"modified":"2023-04-07T03:37:21","modified_gmt":"2023-04-07T07:37:21","slug":"resumen-verimatrix-lanza-un-nuevo-micrositio-de-ciberseguridad-vmx-labs-y-una-experiencia-de-usuario-mejorada-para-ampliar-la-defensa-frente-a-amenazas","status":"publish","type":"post","link":"https:\/\/elmundodelapolitica.com\/v1\/resumen-verimatrix-lanza-un-nuevo-micrositio-de-ciberseguridad-vmx-labs-y-una-experiencia-de-usuario-mejorada-para-ampliar-la-defensa-frente-a-amenazas\/","title":{"rendered":"Resumen: Verimatrix lanza un nuevo micrositio de ciberseguridad, VMX Labs y una experiencia de usuario mejorada para ampliar la defensa frente a amenazas"},"content":{"rendered":"<div>\n<p>El lanzamiento subraya la creciente demanda de soluciones de seguridad para aplicaciones m\u00f3viles empresariales y estrena VerimatrixCybersecurity.com, con avisos continuos sobre amenazas, adem\u00e1s de un dise\u00f1o totalmente nuevo para la plataforma Verimatrix XTD.AIX-EN-PROVENCE, Francia y San Diego\u2013(BUSINESS WIRE)\u2013Verimatrix, (Euronext Paris: VMX) (Paris:VMX), l\u00edder en la potenciaci\u00f3n del mundo conectado moderno con seguridad centrada en las personas, anunci\u00f3 hoy el lanzamiento de un nuevo micrositio (verimatrixcybersecurity.com), una nueva UX para su producto Extended Threat Defense (XTD) y un nuevo equipo de investigaci\u00f3n de VMX Labs que ofrece asesoramiento y perspectivas sobre ciberamenazas.<br \/>\n\u201cEstoy encantado de presentar una nueva interfaz de usuario para nuestro producto de ciberseguridad, Extended Threat Defense, junto con los nuevos servicios de Verimatrix para ayudar a nuestros clientes a proteger sus ecosistemas de aplicaciones m\u00f3viles y detectar y responder r\u00e1pidamente a las amenazas, incluidos los ataques de d\u00eda cero\u201d, afirm\u00f3 Asaf Ashkenazi, director ejecutivo de Verimatrix.<br \/>\nEl comunicado en el idioma original es la versi\u00f3n oficial y autorizada del mismo. Esta traducci\u00f3n es solamente un medio de ayuda y deber\u00e1 ser comparada con el texto en idioma original, que es la \u00fanica versi\u00f3n del texto que tendr\u00e1 validez legal. Contacts<br \/>\nContacto para inversores de Verimatrix:Jean-Fran\u00e7ois Labadie, director financiero<br \/>\nfinance@verimatrix.com<br \/>\nContactos de Verimatrix con los medios de comunicaci\u00f3n:EE. UU<br \/>\nMatthew Zintel, Zintel Public Relations<br \/>\nmatthew.zintel@zintelpr.com<br \/>\nEuropa<br \/>\nLara Joseph, Eskenzi PR<br \/>\nlara@eskenzipr.com<\/p>\n<\/div>\n","protected":false},"excerpt":{"rendered":"<p>El lanzamiento subraya la creciente demanda de soluciones de seguridad para aplicaciones m\u00f3viles empresariales y estrena VerimatrixCybersecurity.com, con avisos continuos sobre amenazas, adem\u00e1s de un dise\u00f1o totalmente nuevo para la&hellip; <\/p>\n","protected":false},"author":2,"featured_media":0,"comment_status":"closed","ping_status":"closed","sticky":false,"template":"","format":"standard","meta":{"fifu_image_url":"","fifu_image_alt":"","footnotes":""},"categories":[63],"tags":[],"class_list":["post-2440","post","type-post","status-publish","format-standard","hentry","category-actualidad"],"_links":{"self":[{"href":"https:\/\/elmundodelapolitica.com\/v1\/wp-json\/wp\/v2\/posts\/2440","targetHints":{"allow":["GET"]}}],"collection":[{"href":"https:\/\/elmundodelapolitica.com\/v1\/wp-json\/wp\/v2\/posts"}],"about":[{"href":"https:\/\/elmundodelapolitica.com\/v1\/wp-json\/wp\/v2\/types\/post"}],"author":[{"embeddable":true,"href":"https:\/\/elmundodelapolitica.com\/v1\/wp-json\/wp\/v2\/users\/2"}],"replies":[{"embeddable":true,"href":"https:\/\/elmundodelapolitica.com\/v1\/wp-json\/wp\/v2\/comments?post=2440"}],"version-history":[{"count":0,"href":"https:\/\/elmundodelapolitica.com\/v1\/wp-json\/wp\/v2\/posts\/2440\/revisions"}],"wp:attachment":[{"href":"https:\/\/elmundodelapolitica.com\/v1\/wp-json\/wp\/v2\/media?parent=2440"}],"wp:term":[{"taxonomy":"category","embeddable":true,"href":"https:\/\/elmundodelapolitica.com\/v1\/wp-json\/wp\/v2\/categories?post=2440"},{"taxonomy":"post_tag","embeddable":true,"href":"https:\/\/elmundodelapolitica.com\/v1\/wp-json\/wp\/v2\/tags?post=2440"}],"curies":[{"name":"wp","href":"https:\/\/api.w.org\/{rel}","templated":true}]}}