{"id":2430,"date":"2023-04-06T14:07:18","date_gmt":"2023-04-06T18:07:18","guid":{"rendered":"https:\/\/elmundodelapolitica.com\/v1\/?p=2430"},"modified":"2023-04-06T14:07:18","modified_gmt":"2023-04-06T18:07:18","slug":"vicepresidenta-dominicana-y-primer-ministro-coreano-hablan-de-un-tlc-entre-ambos-paises","status":"publish","type":"post","link":"https:\/\/elmundodelapolitica.com\/v1\/vicepresidenta-dominicana-y-primer-ministro-coreano-hablan-de-un-tlc-entre-ambos-paises\/","title":{"rendered":"Vicepresidenta dominicana y primer ministro coreano hablan de un TLC entre ambos pa\u00edses"},"content":{"rendered":"<div>\n<p>Se\u00fal, Corea.- La vicepresidenta de la Rep\u00fablica,\u00a0<strong>Raquel Pe\u00f1a<\/strong>, y el primer ministro coreano,\u00a0<strong>Han Duck-soo<\/strong>, conversaron este jueves sobre la posibilidad de un\u00a0<strong>Tratado de Libre Comercio (TLC) entre los dos pa\u00edses,<\/strong>\u00a0para asegurarse tanto la\u00a0<strong>seguridad econ\u00f3mica<\/strong>\u00a0como la\u00a0<strong>seguridad alimentaria<\/strong>.<\/p>\n<p>Durante un encuentro celebrado en Se\u00fal, las partes hablaron tambi\u00e9n de la importancia de las relaciones de ambos pa\u00edses, que cumplir\u00e1n\u00a0<strong>60 a\u00f1os<\/strong>\u00a0el pr\u00f3ximo 2024.<\/p>\n<p>Fue a prop\u00f3sito de esas relaciones que el primer ministro coreano manifest\u00f3 el inter\u00e9s de su pa\u00eds de\u00a0<strong>ampliarlas e incursionar en algunas otras \u00e1reas,\u00a0<\/strong>adem\u00e1s de aquellas donde ya incursionan.<\/p>\n<p>El se\u00f1or Han Duck-soo, dijo que Rep\u00fablica Dominicana, como\u00a0<strong>l\u00edder en la regi\u00f3n de Centroam\u00e9rica y el Caribe<\/strong>, era muy importante para Corea.<\/p>\n<figure class=\"wp-block-image\"><img decoding=\"async\" src=\"https:\/\/i0.wp.com\/presidencia.gob.do\/sites\/default\/files\/content\/F6951347-452F-496A-B54A-CB7156D2E511.jpeg?w=1110&amp;ssl=1\" alt=\"\" data-recalc-dims=\"1\"><\/figure>\n<p>Record\u00f3 que Corea tiene varios programas de\u00a0<strong>colaboraci\u00f3n<\/strong>\u00a0con Rep\u00fablica Dominicana entre ellos cit\u00f3\u00a0<strong>la agricultura y las becas.<\/strong><\/p>\n<p>El primer ministro Duck-soo le manifest\u00f3 a la vicepresidenta Pe\u00f1a que su pa\u00eds estar\u00eda dispuesto a colaborar con Rep\u00fablica Dominicana en materia de\u00a0<strong>comercio, energ\u00eda, infraestructuras, y transporte,<\/strong>\u00a0entre otros.<\/p>\n<p>La vicepresidenta dominicana acogi\u00f3 como<strong>\u00a0algo positivo<\/strong>\u00a0para el pa\u00eds\u00a0<strong>la disposici\u00f3n de Corea\u00a0<\/strong>en cuanto a ampliar a\u00fan m\u00e1s las\u00a0<strong>relaciones entre las dos naciones<\/strong>.<\/p>\n<p>Junto a la vicepresidenta Raquel Pe\u00f1a, participaron en el encuentro el ministro Antonio Almonte, de Energ\u00eda y Minas; V\u00edctor Bison\u00f3, de Industria y Comercio; P\u00e1vel Isa, de Econom\u00eda Planificaci\u00f3n y Desarrollo; as\u00ed como Hugo Rivera, viceministro de Relaciones Exteriores, y el embajador dominicano en Corea, Federico Cuello.<\/p>\n<\/div>\n","protected":false},"excerpt":{"rendered":"<p>Se\u00fal, Corea.- La vicepresidenta de la Rep\u00fablica,\u00a0Raquel Pe\u00f1a, y el primer ministro coreano,\u00a0Han Duck-soo, conversaron este jueves sobre la posibilidad de un\u00a0Tratado de Libre Comercio (TLC) entre los dos pa\u00edses,\u00a0para&hellip; <\/p>\n","protected":false},"author":2,"featured_media":2431,"comment_status":"closed","ping_status":"closed","sticky":false,"template":"","format":"standard","meta":{"fifu_image_url":"https:\/\/i0.wp.com\/presidencia.gob.do\/sites\/default\/files\/content\/F6951347-452F-496A-B54A-CB7156D2E511.jpeg?w=1110&ssl=1","fifu_image_alt":"Vicepresidenta dominicana y primer ministro coreano hablan de un TLC entre ambos pa\u00edses","footnotes":""},"categories":[63],"tags":[],"class_list":["post-2430","post","type-post","status-publish","format-standard","has-post-thumbnail","hentry","category-actualidad"],"_links":{"self":[{"href":"https:\/\/elmundodelapolitica.com\/v1\/wp-json\/wp\/v2\/posts\/2430","targetHints":{"allow":["GET"]}}],"collection":[{"href":"https:\/\/elmundodelapolitica.com\/v1\/wp-json\/wp\/v2\/posts"}],"about":[{"href":"https:\/\/elmundodelapolitica.com\/v1\/wp-json\/wp\/v2\/types\/post"}],"author":[{"embeddable":true,"href":"https:\/\/elmundodelapolitica.com\/v1\/wp-json\/wp\/v2\/users\/2"}],"replies":[{"embeddable":true,"href":"https:\/\/elmundodelapolitica.com\/v1\/wp-json\/wp\/v2\/comments?post=2430"}],"version-history":[{"count":0,"href":"https:\/\/elmundodelapolitica.com\/v1\/wp-json\/wp\/v2\/posts\/2430\/revisions"}],"wp:featuredmedia":[{"embeddable":true,"href":"https:\/\/elmundodelapolitica.com\/v1\/wp-json\/wp\/v2\/media\/2431"}],"wp:attachment":[{"href":"https:\/\/elmundodelapolitica.com\/v1\/wp-json\/wp\/v2\/media?parent=2430"}],"wp:term":[{"taxonomy":"category","embeddable":true,"href":"https:\/\/elmundodelapolitica.com\/v1\/wp-json\/wp\/v2\/categories?post=2430"},{"taxonomy":"post_tag","embeddable":true,"href":"https:\/\/elmundodelapolitica.com\/v1\/wp-json\/wp\/v2\/tags?post=2430"}],"curies":[{"name":"wp","href":"https:\/\/api.w.org\/{rel}","templated":true}]}}