{"id":2426,"date":"2023-04-06T01:03:13","date_gmt":"2023-04-06T05:03:13","guid":{"rendered":"https:\/\/elmundodelapolitica.com\/v1\/?p=2426"},"modified":"2023-04-06T01:03:13","modified_gmt":"2023-04-06T05:03:13","slug":"resumen-el-grupo-adelaide-anuncia-crecimiento-sostenido-de-su-volumen-de-negocio-superior-al-9-en-2022","status":"publish","type":"post","link":"https:\/\/elmundodelapolitica.com\/v1\/resumen-el-grupo-adelaide-anuncia-crecimiento-sostenido-de-su-volumen-de-negocio-superior-al-9-en-2022\/","title":{"rendered":"Resumen: El Grupo Adela\u00efde anuncia crecimiento sostenido de su volumen de negocio superior al 9% en 2022"},"content":{"rendered":"<p>Para 2022, el grupo intermediario Adela\u00efde consolida su rendimiento por encima de sus objetivosPAR\u00cdS&#8211;(BUSINESS WIRE)&#8211;El grupo Adela\u00efde, que abarca Verlingue, G\u00e9n\u00e9ration y Cocoon, logr\u00f3 338 millones de euros en volumen de negocio en 2022, equivalente a un alza del 9,3%. Estos resultados son consonantes con su ambici\u00f3n de lograr una cifra de negocio superior a 400 millones de euros al concluir el plan IMPACT 2024.<br \/>\n\"En una industria en plena consolidaci\u00f3n, ser un corredor familiar con una visi\u00f3n a largo plazo nos permite apuntar a lograr un crecimiento s\u00f3lido que combina sostenibilidad y rentabilidad. Estos resultados nos llenan de orgullo porque ponen de manifiesto la dedicaci\u00f3n de nuestros equipos\", expres\u00f3 Jacques Verlingue, presidente del Grupo Adela\u00efde.<br \/>\nEl comunicado en el idioma original es la versi\u00f3n oficial y autorizada del mismo. Esta traducci\u00f3n es solamente un medio de ayuda y deber\u00e1 ser comparada con el texto en idioma original, que es la \u00fanica versi\u00f3n del texto que tendr\u00e1 validez legal. Contacts<br \/>\nPrensaAdela\u00efde Group, Thomas Barbelet, thomas.barbelet@verlingue.fr \u2013 +33(0)6-7275-4914<\/p>\n","protected":false},"excerpt":{"rendered":"<div>\n<p>\n<b>Para 2022, el grupo intermediario Adela\u00efde consolida su rendimiento por encima de sus objetivos<\/b><\/p>\n<p><a href=\"https:\/\/mms.businesswire.com\/media\/20230405005674\/es\/1757272\/5\/Logo_Adelaide.jpg\"><img decoding=\"async\" src=\"https:\/\/mms.businesswire.com\/media\/20230405005671\/en\/1757272\/21\/Logo_Adelaide.jpg\"><\/a><\/p>\n<p>PAR\u00cdS&#8211;(BUSINESS WIRE)&#8211;El grupo Adela\u00efde, que abarca Verlingue, G\u00e9n\u00e9ration y Cocoon, logr\u00f3 338 millones de euros en volumen de negocio en 2022, equivalente a un alza del 9,3%. <b>Estos resultados son consonantes con su ambici\u00f3n <\/b>de lograr una cifra de negocio superior a 400 millones de euros al concluir el plan <i>IMPACT 2024<\/i>.<\/p>\n<p class=\"bwalignc\">\n<i>\"En una industria en plena consolidaci\u00f3n, ser un corredor familiar con una visi\u00f3n a largo plazo nos permite <\/i><i>apuntar a lograr un crecimiento s\u00f3lido<\/i><i> que combina sostenibilidad y rentabilidad. Estos resultados nos llenan de orgullo porque ponen de manifiesto la dedicaci\u00f3n de nuestros equipos\", <\/i>expres\u00f3 Jacques Verlingue, presidente del Grupo Adela\u00efde.<\/p>\n<p>\nEl comunicado en el idioma original es la versi\u00f3n oficial y autorizada del mismo. Esta traducci\u00f3n es solamente un medio de ayuda y deber\u00e1 ser comparada con el texto en idioma original, que es la \u00fanica versi\u00f3n del texto que tendr\u00e1 validez legal.<\/p>\n<p> <b>Contacts<\/b> <\/p>\n<p>\n<b>Prensa<\/b><br \/>Adela\u00efde Group, Thomas Barbelet, <a target=\"_blank\" href=\"mailto:thomas.barbelet@verlingue.fr\" rel=\"nofollow noopener\">thomas.barbelet@verlingue.fr<\/a> \u2013 +33(0)6-7275-4914<\/p>\n<\/div>\n","protected":false},"author":2,"featured_media":2427,"comment_status":"closed","ping_status":"closed","sticky":false,"template":"","format":"standard","meta":{"fifu_image_url":"https:\/\/mms.businesswire.com\/media\/20230405005671\/en\/1757272\/21\/Logo_Adelaide.jpg","fifu_image_alt":"Resumen: El Grupo Adela\u00efde anuncia crecimiento sostenido de su volumen de negocio superior al 9% en 2022","footnotes":""},"categories":[44],"tags":[],"class_list":["post-2426","post","type-post","status-publish","format-standard","has-post-thumbnail","hentry","category-business-wire"],"_links":{"self":[{"href":"https:\/\/elmundodelapolitica.com\/v1\/wp-json\/wp\/v2\/posts\/2426","targetHints":{"allow":["GET"]}}],"collection":[{"href":"https:\/\/elmundodelapolitica.com\/v1\/wp-json\/wp\/v2\/posts"}],"about":[{"href":"https:\/\/elmundodelapolitica.com\/v1\/wp-json\/wp\/v2\/types\/post"}],"author":[{"embeddable":true,"href":"https:\/\/elmundodelapolitica.com\/v1\/wp-json\/wp\/v2\/users\/2"}],"replies":[{"embeddable":true,"href":"https:\/\/elmundodelapolitica.com\/v1\/wp-json\/wp\/v2\/comments?post=2426"}],"version-history":[{"count":0,"href":"https:\/\/elmundodelapolitica.com\/v1\/wp-json\/wp\/v2\/posts\/2426\/revisions"}],"wp:featuredmedia":[{"embeddable":true,"href":"https:\/\/elmundodelapolitica.com\/v1\/wp-json\/wp\/v2\/media\/2427"}],"wp:attachment":[{"href":"https:\/\/elmundodelapolitica.com\/v1\/wp-json\/wp\/v2\/media?parent=2426"}],"wp:term":[{"taxonomy":"category","embeddable":true,"href":"https:\/\/elmundodelapolitica.com\/v1\/wp-json\/wp\/v2\/categories?post=2426"},{"taxonomy":"post_tag","embeddable":true,"href":"https:\/\/elmundodelapolitica.com\/v1\/wp-json\/wp\/v2\/tags?post=2426"}],"curies":[{"name":"wp","href":"https:\/\/api.w.org\/{rel}","templated":true}]}}