{"id":2411,"date":"2023-04-05T01:06:24","date_gmt":"2023-04-05T05:06:24","guid":{"rendered":"https:\/\/elmundodelapolitica.com\/v1\/?p=2411"},"modified":"2023-04-05T01:06:24","modified_gmt":"2023-04-05T05:06:24","slug":"resumen-precisely-anuncia-trust-23-con-las-ultimas-tendencias-investigaciones-e-innovaciones-en-integridad-de-datos","status":"publish","type":"post","link":"https:\/\/elmundodelapolitica.com\/v1\/resumen-precisely-anuncia-trust-23-con-las-ultimas-tendencias-investigaciones-e-innovaciones-en-integridad-de-datos\/","title":{"rendered":"Resumen: Precisely anuncia Trust &#8217;23, con las \u00faltimas tendencias, investigaciones e innovaciones en integridad de datos"},"content":{"rendered":"<p>La Cumbre Anual sobre integridad de los datos es el foro m\u00e1s importante para los responsables que buscan aprovechar los datos fidedignos para tomar decisiones con confianza, lograr la m\u00e1xima agilidad y ofrecer una experiencia de cliente inmejorableBURLINGTON, Massachusetts.&#8211;(BUSINESS WIRE)&#8211;Precisely, l\u00edder mundial en integridad de datos, ha anunciado hoy los detalles de Trust \u201823 que se realizar\u00e1 del 16 al 17 de mayo en EE.UU. y EMOA, y del 17 al 18 de mayo en APAC. Seg\u00fan lo previsto, el evento virtual reunir\u00e1 a miles de profesionales de los datos de todo el mundo para conocer los principales factores que impulsan la integridad de los datos y las estrategias para ayudar a las empresas a lograr mejores resultados de negocio gracias a la utilizaci\u00f3n de los datos fidedignos.<br \/>\nEl comunicado en el idioma original es la versi\u00f3n oficial y autorizada del mismo. Esta traducci\u00f3n es solamente un medio de ayuda y deber\u00e1 ser comparada con el texto en idioma original, que es la \u00fanica versi\u00f3n del texto que tendr\u00e1 validez legal. Contacts<br \/>\nPrensaEmma Forrest (Global)<br \/>\npress@precisely.com<\/p>\n","protected":false},"excerpt":{"rendered":"<div>\n<p class=\"bwalignc\">\n<i>La Cumbre Anual sobre integridad de los datos es el foro m\u00e1s importante para los responsables que buscan aprovechar los datos fidedignos para tomar decisiones con confianza, lograr la m\u00e1xima agilidad y ofrecer una experiencia de cliente inmejorable<\/i><\/p>\n<p>BURLINGTON, Massachusetts.&#8211;(BUSINESS WIRE)&#8211;<a target=\"_blank\" href=\"https:\/\/cts.businesswire.com\/ct\/CT?id=smartlink&amp;url=http%3A%2F%2Fwww.precisely.com%2F%3Futm_source%3DReferral%26utm_medium%3DPress-Release&amp;esheet=53374068&amp;newsitemid=20230404005370&amp;lan=es-ES&amp;anchor=Precisely&amp;index=1&amp;md5=e6260fb324c2e73b1d4015075fe6dcef\" rel=\"nofollow noopener\">Precisely<\/a>, l\u00edder mundial en integridad de datos, ha anunciado hoy los detalles de <a target=\"_blank\" href=\"https:\/\/cts.businesswire.com\/ct\/CT?id=smartlink&amp;url=http%3A%2F%2Fwww.precisely.com%2Ftrust23%2F%3Futm_source%3DReferral%26utm_medium%3DPress-Release&amp;esheet=53374068&amp;newsitemid=20230404005370&amp;lan=es-ES&amp;anchor=Trust+%26%238216%3B23&amp;index=2&amp;md5=1d40981215a026b8421b9ad3ec55a9c5\" rel=\"nofollow noopener\">Trust \u201823<\/a> que se realizar\u00e1 del 16 al 17 de mayo en EE.UU. y EMOA, y del 17 al 18 de mayo en APAC. Seg\u00fan lo previsto, el evento virtual reunir\u00e1 a miles de profesionales de los datos de todo el mundo para conocer los principales factores que impulsan la integridad de los datos y las estrategias para ayudar a las empresas a lograr mejores resultados de negocio gracias a la utilizaci\u00f3n de los datos fidedignos.<\/p>\n<p><a href=\"https:\/\/mms.businesswire.com\/media\/20230404005370\/es\/1755025\/5\/precisely-trust23-PR.jpg\"><img decoding=\"async\" src=\"https:\/\/mms.businesswire.com\/media\/20230404005367\/en\/1755025\/21\/precisely-trust23-PR.jpg\"><\/a><br \/><a href=\"https:\/\/mms.businesswire.com\/media\/20230404005370\/es\/832443\/5\/4382481_Precisely_wordmark_rgb_purple.jpg\"><img decoding=\"async\" src=\"https:\/\/mms.businesswire.com\/media\/20230404005367\/en\/832443\/21\/4382481_Precisely_wordmark_rgb_purple.jpg\"><\/a><\/p>\n<p>\nEl comunicado en el idioma original es la versi\u00f3n oficial y autorizada del mismo. Esta traducci\u00f3n es solamente un medio de ayuda y deber\u00e1 ser comparada con el texto en idioma original, que es la \u00fanica versi\u00f3n del texto que tendr\u00e1 validez legal.<\/p>\n<p> <b>Contacts<\/b> <\/p>\n<p>\n<b>Prensa<\/b><br \/>Emma Forrest (Global)<br \/>\n<br \/><a target=\"_blank\" href=\"mailto:press@precisely.com\" rel=\"nofollow noopener\">press@precisely.com<\/a><\/p>\n<\/div>\n","protected":false},"author":2,"featured_media":2412,"comment_status":"closed","ping_status":"closed","sticky":false,"template":"","format":"standard","meta":{"fifu_image_url":"https:\/\/mms.businesswire.com\/media\/20230404005367\/en\/1755025\/21\/precisely-trust23-PR.jpg","fifu_image_alt":"Resumen: Precisely anuncia Trust '23, con las \u00faltimas tendencias, investigaciones e innovaciones en integridad de datos","footnotes":""},"categories":[44],"tags":[],"class_list":["post-2411","post","type-post","status-publish","format-standard","has-post-thumbnail","hentry","category-business-wire"],"_links":{"self":[{"href":"https:\/\/elmundodelapolitica.com\/v1\/wp-json\/wp\/v2\/posts\/2411","targetHints":{"allow":["GET"]}}],"collection":[{"href":"https:\/\/elmundodelapolitica.com\/v1\/wp-json\/wp\/v2\/posts"}],"about":[{"href":"https:\/\/elmundodelapolitica.com\/v1\/wp-json\/wp\/v2\/types\/post"}],"author":[{"embeddable":true,"href":"https:\/\/elmundodelapolitica.com\/v1\/wp-json\/wp\/v2\/users\/2"}],"replies":[{"embeddable":true,"href":"https:\/\/elmundodelapolitica.com\/v1\/wp-json\/wp\/v2\/comments?post=2411"}],"version-history":[{"count":0,"href":"https:\/\/elmundodelapolitica.com\/v1\/wp-json\/wp\/v2\/posts\/2411\/revisions"}],"wp:featuredmedia":[{"embeddable":true,"href":"https:\/\/elmundodelapolitica.com\/v1\/wp-json\/wp\/v2\/media\/2412"}],"wp:attachment":[{"href":"https:\/\/elmundodelapolitica.com\/v1\/wp-json\/wp\/v2\/media?parent=2411"}],"wp:term":[{"taxonomy":"category","embeddable":true,"href":"https:\/\/elmundodelapolitica.com\/v1\/wp-json\/wp\/v2\/categories?post=2411"},{"taxonomy":"post_tag","embeddable":true,"href":"https:\/\/elmundodelapolitica.com\/v1\/wp-json\/wp\/v2\/tags?post=2411"}],"curies":[{"name":"wp","href":"https:\/\/api.w.org\/{rel}","templated":true}]}}