{"id":2398,"date":"2023-04-04T08:27:04","date_gmt":"2023-04-04T12:27:04","guid":{"rendered":"https:\/\/elmundodelapolitica.com\/v1\/?p=2398"},"modified":"2023-04-04T08:27:06","modified_gmt":"2023-04-04T12:27:06","slug":"mi-vivienda-beneficiara-miles-familias-en-sde","status":"publish","type":"post","link":"https:\/\/elmundodelapolitica.com\/v1\/mi-vivienda-beneficiara-miles-familias-en-sde\/","title":{"rendered":"Mi Vivienda beneficiar\u00e1 miles familias en SDE"},"content":{"rendered":"\n<p><strong>Santo Domingo<\/strong>, R.D. Abril, 2023.-\u00a0El Ministerio de la Vivienda y Edificaciones (MIVED) entreg\u00f3 los primeros 500 apartamentos del proyecto Mi Vivienda San Luis que albergar\u00e1 a 2,440 nuevas viviendas en el municipio de Santo Domingo Este; durante un encuentro encabezado por el excelent\u00edsimo Presidente de la Rep\u00fablica, Luis Abinader.<\/p>\n\n\n\n<p>El proyecto, cuya inversi\u00f3n fue superior a los RD$7 mil millones, forma parte de la estrategia a gran escala denominada \u201cPlan Mi Vivienda\u201d, liderada por el presidente Abinader, cuyo objetivo es canalizar recursos del Estado para apoyar a las familias dominicanas en la adquisici\u00f3n de su primera vivienda en entornos convenientes para su bienestar y desarrollo sostenible.<\/p>\n\n\n\n<p>Durante el evento de entrega, el presidente Luis Abinader expres\u00f3 durante el evento de entrega, el Presidente Luis Abinader expres\u00f3 que \u201cpocas veces un gobierno entrega 500 apartamentos al mismo momento\u201d.<\/p>\n\n\n\n<p>El primer mandatario resalt\u00f3 que, un hogar es la \u201cmejor\u201d pol\u00edtica que puede existir y que el primer objetivo de una mujer es tener su casa propia.<\/p>\n\n\n\n<p>Mi Vivienda San Luis se construy\u00f3 sobre m\u00e1s de 218 mil metros cuadrados, en tres grupos de apartamentos de 3 y 2 habitaciones cada uno, denominados San Luis I, San Luis II y San Luis III. Adem\u00e1s de la construcci\u00f3n de los edificios habitacionales el mismo contempla la distribuci\u00f3n de m\u00e1s de 12 mil metros cuadrados de \u00e1reas verdes, zonas de recreaci\u00f3n y estacionamiento.<\/p>\n\n\n\n<p>Durante la primera entrega del proyecto, el presidente Luis Abinader expres\u00f3 la satisfacci\u00f3n de las instituciones del Estado y sus representantes por los resultados de este proyecto, que promete ser un impulsor del florecimiento humano, social y econ\u00f3mico de miles de familias dominicanas.<\/p>\n\n\n\n<p>Por su parte, el ministro del MIVED, Carlos Bonilla, manifest\u00f3 que \u201cEl sue\u00f1o de nuestro Presidente de que cada d\u00eda m\u00e1s familias dominicanas sean propietarias de su nuevo hogar se ha vuelto una realidad desde que comenz\u00f3 nuestra gesti\u00f3n en este joven ministerio. Hemos apostado con fuerza a esta iniciativa, porque \u201cel Plan Mi Vivienda\u201d es parte fundamental para transformar nuestro pa\u00eds\u201d.<\/p>\n\n\n\n<p>En esta ocasi\u00f3n, las llaves de las primeras viviendas fueron entregadas a las familias Erazo S\u00e1nchez, Torres King, Feliz G\u00f3mez, quienes fungieron como la representaci\u00f3n de todas las familias beneficiarias del programa y aprovecharon para agradecer personalmente la gesti\u00f3n del Presidente Abinader y del MIVED.<\/p>\n\n\n\n<p>Por su parte, el Sr. Samuel Pereyra, Administrador del Banco del Reservas indic\u00f3&nbsp;\u201cen Banreservas&nbsp;nos llena de&nbsp;mucho&nbsp;orgullo y satisfacci\u00f3n que, gracias&nbsp;al apoyo del estado dominicano y de&nbsp;nuestro banco&nbsp;los beneficiarios del Plan Mi Vivienda&nbsp;puedan contar con&nbsp;el 60% del costo de sus nuevos hogares&nbsp;ya cubierto\u201d&nbsp;<\/p>\n\n\n\n<p>A la fecha, el Plan Mi Vivienda ha entregado m\u00e1s de 3,000 viviendas a igual n\u00famero de familias dominicanas, distribuidas en varios proyectos del Gran Santo Domingo y Santiago de los Caballeros; entre ellos los programas de Ciudad Modelo, Hato Nuevo, La Barranquita y los&nbsp;Salados. Gracias a ello, el MIVED se ha convertido en la instituci\u00f3n del Estado que m\u00e1s viviendas ha entregado en la historia del pa\u00eds.<\/p>\n\n\n\n<p>Junto al MIVED, el gobierno ha destinado alrededor de 15,000 millones de pesos para poner en marcha los proyectos del Plan Mi Vivienda, en alianza con Banreservas, financiando hasta 60% del costo de la vivienda.<\/p>\n\n\n\n<p><strong>Entrega de calles asfaltadas y viviendas del Plan Dominicana se Reconstruye, como parte de las iniciativas de mejora del h\u00e1bitat.<\/strong><strong><\/strong><\/p>\n\n\n\n<p>El Presidente de la Rep\u00fablica, Luis Abinader y el Ministro de la Vivienda y Edificaciones, Carlos Bonilla, hicieron entrega alrededor de 7 kil\u00f3metros de calles asfaltadas y 10 kil\u00f3metros de contenes, sumado a la construcci\u00f3n y reparaci\u00f3n de aceras, construcci\u00f3n de imbornales, badenes, pintura de calles, entre otros.<\/p>\n\n\n\n<p>Tambi\u00e9n fueron entregadas nuevas viviendas, como parte de los trabajos de reparaci\u00f3n de viviendas y mejoramiento del h\u00e1bitat en la comunidad de San Luis.<\/p>\n","protected":false},"excerpt":{"rendered":"<p>Santo Domingo, R.D. Abril, 2023.-\u00a0El Ministerio de la Vivienda y Edificaciones (MIVED) entreg\u00f3 los primeros 500 apartamentos del proyecto Mi Vivienda San Luis que albergar\u00e1 a 2,440 nuevas viviendas en&hellip; <\/p>\n","protected":false},"author":2,"featured_media":2399,"comment_status":"open","ping_status":"open","sticky":false,"template":"","format":"standard","meta":{"fifu_image_url":"","fifu_image_alt":"","footnotes":""},"categories":[25],"tags":[],"class_list":["post-2398","post","type-post","status-publish","format-standard","has-post-thumbnail","hentry","category-construccion"],"_links":{"self":[{"href":"https:\/\/elmundodelapolitica.com\/v1\/wp-json\/wp\/v2\/posts\/2398","targetHints":{"allow":["GET"]}}],"collection":[{"href":"https:\/\/elmundodelapolitica.com\/v1\/wp-json\/wp\/v2\/posts"}],"about":[{"href":"https:\/\/elmundodelapolitica.com\/v1\/wp-json\/wp\/v2\/types\/post"}],"author":[{"embeddable":true,"href":"https:\/\/elmundodelapolitica.com\/v1\/wp-json\/wp\/v2\/users\/2"}],"replies":[{"embeddable":true,"href":"https:\/\/elmundodelapolitica.com\/v1\/wp-json\/wp\/v2\/comments?post=2398"}],"version-history":[{"count":1,"href":"https:\/\/elmundodelapolitica.com\/v1\/wp-json\/wp\/v2\/posts\/2398\/revisions"}],"predecessor-version":[{"id":2400,"href":"https:\/\/elmundodelapolitica.com\/v1\/wp-json\/wp\/v2\/posts\/2398\/revisions\/2400"}],"wp:featuredmedia":[{"embeddable":true,"href":"https:\/\/elmundodelapolitica.com\/v1\/wp-json\/wp\/v2\/media\/2399"}],"wp:attachment":[{"href":"https:\/\/elmundodelapolitica.com\/v1\/wp-json\/wp\/v2\/media?parent=2398"}],"wp:term":[{"taxonomy":"category","embeddable":true,"href":"https:\/\/elmundodelapolitica.com\/v1\/wp-json\/wp\/v2\/categories?post=2398"},{"taxonomy":"post_tag","embeddable":true,"href":"https:\/\/elmundodelapolitica.com\/v1\/wp-json\/wp\/v2\/tags?post=2398"}],"curies":[{"name":"wp","href":"https:\/\/api.w.org\/{rel}","templated":true}]}}