{"id":2394,"date":"2023-04-04T00:08:17","date_gmt":"2023-04-04T04:08:17","guid":{"rendered":"https:\/\/elmundodelapolitica.com\/v1\/?p=2394"},"modified":"2023-04-04T00:08:17","modified_gmt":"2023-04-04T04:08:17","slug":"enapsor-y-apes-celebran-acto-de-su-xix-graduacion-de-su-promocion-2021-2022","status":"publish","type":"post","link":"https:\/\/elmundodelapolitica.com\/v1\/enapsor-y-apes-celebran-acto-de-su-xix-graduacion-de-su-promocion-2021-2022\/","title":{"rendered":"ENAPSOR y APES celebran acto de su XIX graduaci\u00f3n de su promoci\u00f3n 2021-2022"},"content":{"rendered":"<div>\n<p>La Escuela Nacional para Sordos, ENAPSOR-Santo Domingo, celebr\u00f3 con gran regocijo su D\u00e9cimo Noveno (19 no.) Acto de Graduaci\u00f3n, en fecha 24 de febrero de 2023, graduando a veintiuno 21 j\u00f3venes Sordos de la promoci\u00f3n CELANS, 2021-2022, destacando el esfuerzo hecho por cada uno de sus alumnos para lograr tan ansiada meta, quienes contaron con el apoyo de sus familiares, el personal docente y administrativo, el Ministerio de Educaci\u00f3n; as\u00ed como la protecci\u00f3n y apoyo de la Asociaci\u00f3n Pro-Educaci\u00f3n del Sordo (APES).<\/p>\n<p>El Acto de Graduaci\u00f3n cont\u00f3 con la presencia de la Presidenta de la Asociaci\u00f3n Pro Educaci\u00f3n del Sordo (APES), Sra. Myrna Brugal de Jana, la Directora de Educacion Especial del MINERD, Sra. Lucia V\u00e1squez, representante del Consejo Nacional para la Discapacidad (CONADIS), representante del Instituto Cultural Dominico Americano; manera especial la primera alumna Gloria Mirinirta Tejeda Castillo (hija de los se\u00f1ores Luis Manuel Tejeda Pimentel y Beatriz Castillo de Tejeda, fundadores de la ENAPSOR), la Asociaci\u00f3n de Padres Madres y Tutores de la Escuela, asi como diferentes personalidades quienes nos han apoyado haciendo posible esta realidad.<\/p>\n<p>La Licda. Jeannette Francisco, directora del centro educativo, en su discurso central expres\u00f3 su agradecimiento especial a la Asociaci\u00f3n Pro Educaci\u00f3n del Sordo (APES), al Ministerio de Educaci\u00f3n, a empresas, personas particulares, que siempre est\u00e1n presentes d\u00e1ndonos su apoyo, a los padres y tutores por la confianza depositada en nosotros para educar a sus hij@s, quienes son lo m\u00e1s preciado que tiene la ENAPSOR.\u00a0 Como cada a\u00f1o nos sentimos felices, emociados y esperanzados de un futuro mejor educativo, laboral y social para las personas Sordas.\u00a0\u00a0<\/p>\n<p>La Escuela Nacional para Sordos, ha graduado a la fecha 473 bachilleres, con fortalezas y destresas listos para ser insertados en los \u00e1mbitos educativo, laboral y social; para lo cual necesitan apoyo de las autoridades e instituciones para continuar sus estudios de nivel superior.<\/p>\n<p>La Asociaci\u00f3n Pro-Educaci\u00f3n del Sordo se siente cada vez m\u00e1s comprometida de apoyar y acompa\u00f1ar este gran esfuerzo que es de todos. \u00a0 LOS SORDOS TAMBIEN PUEDEN!!!!<\/p>\n<\/div>\n","protected":false},"excerpt":{"rendered":"<p>La Escuela Nacional para Sordos, ENAPSOR-Santo Domingo, celebr\u00f3 con gran regocijo su D\u00e9cimo Noveno (19 no.) Acto de Graduaci\u00f3n, en fecha 24 de febrero de 2023, graduando a veintiuno 21&hellip; <\/p>\n","protected":false},"author":2,"featured_media":0,"comment_status":"closed","ping_status":"closed","sticky":false,"template":"","format":"standard","meta":{"fifu_image_url":"","fifu_image_alt":"","footnotes":""},"categories":[63],"tags":[],"class_list":["post-2394","post","type-post","status-publish","format-standard","hentry","category-actualidad"],"_links":{"self":[{"href":"https:\/\/elmundodelapolitica.com\/v1\/wp-json\/wp\/v2\/posts\/2394","targetHints":{"allow":["GET"]}}],"collection":[{"href":"https:\/\/elmundodelapolitica.com\/v1\/wp-json\/wp\/v2\/posts"}],"about":[{"href":"https:\/\/elmundodelapolitica.com\/v1\/wp-json\/wp\/v2\/types\/post"}],"author":[{"embeddable":true,"href":"https:\/\/elmundodelapolitica.com\/v1\/wp-json\/wp\/v2\/users\/2"}],"replies":[{"embeddable":true,"href":"https:\/\/elmundodelapolitica.com\/v1\/wp-json\/wp\/v2\/comments?post=2394"}],"version-history":[{"count":0,"href":"https:\/\/elmundodelapolitica.com\/v1\/wp-json\/wp\/v2\/posts\/2394\/revisions"}],"wp:attachment":[{"href":"https:\/\/elmundodelapolitica.com\/v1\/wp-json\/wp\/v2\/media?parent=2394"}],"wp:term":[{"taxonomy":"category","embeddable":true,"href":"https:\/\/elmundodelapolitica.com\/v1\/wp-json\/wp\/v2\/categories?post=2394"},{"taxonomy":"post_tag","embeddable":true,"href":"https:\/\/elmundodelapolitica.com\/v1\/wp-json\/wp\/v2\/tags?post=2394"}],"curies":[{"name":"wp","href":"https:\/\/api.w.org\/{rel}","templated":true}]}}