{"id":239,"date":"2022-05-11T22:16:02","date_gmt":"2022-05-12T02:16:02","guid":{"rendered":"http:\/\/www.elmundodelapolitica.com\/v2\/?p=25364"},"modified":"2022-05-11T22:16:02","modified_gmt":"2022-05-12T02:16:02","slug":"danilo-diaz-atribuye-a-rumores-acercamiento-entre-pld-y-prm","status":"publish","type":"post","link":"https:\/\/elmundodelapolitica.com\/v1\/danilo-diaz-atribuye-a-rumores-acercamiento-entre-pld-y-prm\/","title":{"rendered":"Danilo D\u00edaz atribuye a rumores acercamiento entre PLD y PRM"},"content":{"rendered":"\n<p>SANTO DOMINGO.- Un miembro del Comit\u00e9 Pol\u00edtico del Partido de la Liberaci\u00f3n Dominicana (PLD)&nbsp;&nbsp;opin\u00f3 que&nbsp; el supuesto acercamiento entre esa organizaci\u00f3n y el Partido Revolucionario Moderno (PRM) son solo rumores que tratan de impactar internamente en esa organizaci\u00f3n.<\/p>\n\n\n\n<p>Danilo&nbsp;D\u00edaz&nbsp;manifest\u00f3 que tanto esa organizaci\u00f3n opositora como su presidente, &nbsp;Danilo Medina, &nbsp;se oponen a una reforma constitucional porque no es el momento oportuno.<\/p>\n\n\n\n<p>\u00abA Medina&nbsp; no le interesa un nuevo periodo&nbsp; porque entiende&nbsp;que dos periodos han sido suficientes y no tiene en su agenda aspirar una vez m\u00e1s, porque adem\u00e1s su trabajo, est\u00e1 dedicado a fortalecer el partido\u00bb, manifest\u00f3.<\/p>\n\n\n\n<p>D\u00edaz indic\u00f3 que despu\u00e9s&nbsp; de ser&nbsp; dos veces presidente el exmandatario ya hizo lo que se ten\u00eda que hacer, m\u00e1s cuando hay dentro del partido aspirantes preparados para continuar con su obra de gobierno.<\/p>\n\n\n\n<p>Entrevistado en el programa Matinal 5 en torno a la posibilidad de&nbsp; habilitar a Medina mediante un acuerdo con el PRM para una reforma constitucional, D\u00edaz&nbsp;&nbsp; afirm\u00f3 que el PLD se opone a cualquier tipo de modificaci\u00f3n de la Constituci\u00f3n, porque \u00e9se no es el problema fundamental del pa\u00eds.<\/p>\n","protected":false},"excerpt":{"rendered":"<p>SANTO DOMINGO.- Un miembro del Comit\u00e9 Pol\u00edtico del Partido de la Liberaci\u00f3n Dominicana (PLD)&nbsp;&nbsp;opin\u00f3 que&nbsp; el supuesto acercamiento entre esa organizaci\u00f3n y el Partido Revolucionario Moderno (PRM) son solo rumores&hellip; <\/p>\n","protected":false},"author":2,"featured_media":240,"comment_status":"closed","ping_status":"open","sticky":false,"template":"","format":"standard","meta":{"fifu_image_url":"","fifu_image_alt":"","footnotes":""},"categories":[17],"tags":[],"class_list":["post-239","post","type-post","status-publish","format-standard","has-post-thumbnail","hentry","category-politica"],"_links":{"self":[{"href":"https:\/\/elmundodelapolitica.com\/v1\/wp-json\/wp\/v2\/posts\/239","targetHints":{"allow":["GET"]}}],"collection":[{"href":"https:\/\/elmundodelapolitica.com\/v1\/wp-json\/wp\/v2\/posts"}],"about":[{"href":"https:\/\/elmundodelapolitica.com\/v1\/wp-json\/wp\/v2\/types\/post"}],"author":[{"embeddable":true,"href":"https:\/\/elmundodelapolitica.com\/v1\/wp-json\/wp\/v2\/users\/2"}],"replies":[{"embeddable":true,"href":"https:\/\/elmundodelapolitica.com\/v1\/wp-json\/wp\/v2\/comments?post=239"}],"version-history":[{"count":0,"href":"https:\/\/elmundodelapolitica.com\/v1\/wp-json\/wp\/v2\/posts\/239\/revisions"}],"wp:featuredmedia":[{"embeddable":true,"href":"https:\/\/elmundodelapolitica.com\/v1\/wp-json\/wp\/v2\/media\/240"}],"wp:attachment":[{"href":"https:\/\/elmundodelapolitica.com\/v1\/wp-json\/wp\/v2\/media?parent=239"}],"wp:term":[{"taxonomy":"category","embeddable":true,"href":"https:\/\/elmundodelapolitica.com\/v1\/wp-json\/wp\/v2\/categories?post=239"},{"taxonomy":"post_tag","embeddable":true,"href":"https:\/\/elmundodelapolitica.com\/v1\/wp-json\/wp\/v2\/tags?post=239"}],"curies":[{"name":"wp","href":"https:\/\/api.w.org\/{rel}","templated":true}]}}