{"id":2381,"date":"2023-04-03T23:32:26","date_gmt":"2023-04-04T03:32:26","guid":{"rendered":"https:\/\/elmundodelapolitica.com\/v1\/?p=2381"},"modified":"2023-04-03T23:32:26","modified_gmt":"2023-04-04T03:32:26","slug":"destaca-credito-avance-salud-bandex-beneficiara-sector-medico","status":"publish","type":"post","link":"https:\/\/elmundodelapolitica.com\/v1\/destaca-credito-avance-salud-bandex-beneficiara-sector-medico\/","title":{"rendered":"Destaca Cr\u00e9dito Avance Salud Bandex beneficiar\u00e1 sector m\u00e9dico"},"content":{"rendered":"<div>\n<p><strong>Santo Domingo<\/strong>, R.D. Abril 3, 2023.- El Centro de Investigaciones M\u00e9dicas, S.A.S., destac\u00f3 los beneficios del Cr\u00e9dito Avance Salud Bandex, un programa especializado del Banco de Desarrollo y Exportaciones (BANDEX), dise\u00f1ado para beneficiar el sector salud y que ofrece opciones de financiamiento flexibles.<\/p>\n<div class=\"wp-block-image\">\n<figure class=\"alignleft is-resized\"><img loading=\"lazy\" data-attachment-id=\"25268\" data-permalink=\"https:\/\/elmundodelosnegocios.com.do\/v1\/index.php\/2023\/01\/05\/indice-de-actividad-manufacturera-incrementa-noviembre-2022\/actividad_del_sector_industrial_crece_en_noviembre_12d9a04007bfb82623720f9be9d4733c\/\" data-orig-file=\"https:\/\/i0.wp.com\/elmundodelosnegocios.com.do\/v1\/wp-content\/uploads\/2023\/01\/Actividad_del_sector_industrial_crece_en_noviembre_12d9a04007bfb82623720f9be9d4733c.jpg?fit=900%2C600&amp;ssl=1\" data-orig-size=\"900,600\" data-comments-opened=\"0\" data-image-meta='{\"aperture\":\"0\",\"credit\":\"\",\"camera\":\"\",\"caption\":\"\",\"created_timestamp\":\"0\",\"copyright\":\"\",\"focal_length\":\"0\",\"iso\":\"0\",\"shutter_speed\":\"0\",\"title\":\"\",\"orientation\":\"1\"}' data-image-title=\"Actividad_del_sector_industrial_crece_en_noviembre_12d9a04007bfb82623720f9be9d4733c\" data-image-description=\"\" data-image-caption=\"\" data-medium-file=\"https:\/\/i0.wp.com\/elmundodelosnegocios.com.do\/v1\/wp-content\/uploads\/2023\/01\/Actividad_del_sector_industrial_crece_en_noviembre_12d9a04007bfb82623720f9be9d4733c.jpg?fit=300%2C200&amp;ssl=1\" data-large-file=\"https:\/\/i0.wp.com\/elmundodelosnegocios.com.do\/v1\/wp-content\/uploads\/2023\/01\/Actividad_del_sector_industrial_crece_en_noviembre_12d9a04007bfb82623720f9be9d4733c.jpg?fit=900%2C600&amp;ssl=1\" decoding=\"async\" src=\"https:\/\/i0.wp.com\/elmundo-delosnegocios.com\/wp-content\/uploads\/2023\/04\/Ingrid-Fernandez-gerente-del-centro-medico.jpg?resize=640,451\" alt=\"\" class=\"wp-image-25268\" width=\"328\" height=\"231\"><figcaption class=\"wp-element-caption\">Ingrid Fern\u00e1ndez, gerente del centro m\u00e9dico.<\/figcaption><\/figure>\n<\/div>\n<p>\u201cLos fondos de financiamiento que hemos recibido son un beneficio que ser\u00e1n de gran aporte a nuestro centro de salud, mejorando los servicios de tecnolog\u00eda de punta de mayor demanda para la comunidad y aumentando la capacidad de estudios diagn\u00f3sticos\u201d, expres\u00f3 Ingrid Fern\u00e1ndez, gerente administrativa del centro m\u00e9dico.<\/p>\n<p>\u201cDentro de los servicios que ofrecemos en el centro figuran estudios de resonancia magn\u00e9tica de alto campo (1.5 Tesla), tomograf\u00eda axial computarizada, sonograf\u00eda, rayos X, densitometr\u00eda, mamograf\u00eda, laboratorio cl\u00ednico, y pruebas cardiol\u00f3gicas no invasivas. Nuestro centro cuenta con m\u00e1s de 30 colaboradores y, pese a que somos un centro de salud peque\u00f1o, ahora podremos integrar unos cinco empleados m\u00e1s a los servicios\u201d, afirm\u00f3 Fern\u00e1ndez.<\/p>\n<p>Inform\u00f3 que se enteraron del Cr\u00e9dito Avance Salud BANDEX a trav\u00e9s de la prensa nacional, \u201cNos acercamos y realizamos la solicitud. La experiencia ha sido excelente y nos han tratado con la misma calidad que el resto de la banca comercial nacional, y posiblemente con hasta un mejor servicio\u201d.<\/p>\n<p>Los fondos financiados ser\u00e1n utilizados para adquirir equipos m\u00e9dicos de alta tecnolog\u00eda utilizados en estudios de diagn\u00f3stico por im\u00e1genes.<\/p>\n<p>\u201cNuestro objetivo es continuar cumpliendo nuestra misi\u00f3n de contribuir con el cuidado y la preservaci\u00f3n de la salud de la sociedad dominicana, mediante la prestaci\u00f3n de servicios diagn\u00f3sticos radiol\u00f3gicos y de laboratorio cl\u00ednico, basados en los m\u00e1s altos est\u00e1ndares de calidad\u201d, destac\u00f3 Fern\u00e1ndez.<\/p>\n<p>\u201cEl centro m\u00e9dico inici\u00f3 sus operaciones el a\u00f1o el 2016 con el objetivo de ofrecer servicios diagn\u00f3sticos especializados y de alta calidad en el mercado. Durante los \u00faltimos cinco a\u00f1os hemos atendidos m\u00e1s de 30,000 pacientes por a\u00f1o, en servicios de apoyo diagn\u00f3stico, prevenci\u00f3n y soporte al seguimiento de la salud de pacientes diagnosticados\u201d, puntualiz\u00f3 Fern\u00e1ndez.<\/p>\n<p><strong>Sobre el Cr\u00e9dito Avance Salud BANDEX:<\/strong><\/p>\n<p>El Cr\u00e9dito Avance Salud Bandex es un programa especializado que ofrece opciones de financiamiento flexibles y \u00fanicas en el mercado, para fortalecer la red de salud privada a nivel nacional y sus capacidades de atenci\u00f3n de un sector de gran relevancia social y econ\u00f3mica en la Rep\u00fablica Dominicana. El fondo atender\u00e1 solicitudes de cr\u00e9dito de peque\u00f1os consultorios y centros de atenci\u00f3n primaria hasta centros de tercer nivel, con \u00e9nfasis en las solicitudes provenientes de provincias, zonas perif\u00e9ricas y lugares alejados de los grandes centros hospitalarios regionales, con el requisito de proveer servicios de salud a la poblaci\u00f3n a trav\u00e9s del SENASA.<\/p>\n<\/div>\n","protected":false},"excerpt":{"rendered":"<p>Santo Domingo, R.D. Abril 3, 2023.- El Centro de Investigaciones M\u00e9dicas, S.A.S., destac\u00f3 los beneficios del Cr\u00e9dito Avance Salud Bandex, un programa especializado del Banco de Desarrollo y Exportaciones (BANDEX),&hellip; <\/p>\n","protected":false},"author":2,"featured_media":2382,"comment_status":"closed","ping_status":"closed","sticky":false,"template":"","format":"standard","meta":{"fifu_image_url":"https:\/\/i0.wp.com\/elmundo-delosnegocios.com\/wp-content\/uploads\/2023\/04\/Ingrid-Fernandez-gerente-del-centro-medico.jpg?resize=640,451","fifu_image_alt":"Destaca Cr\u00e9dito Avance Salud Bandex beneficiar\u00e1 sector m\u00e9dico","footnotes":""},"categories":[63],"tags":[],"class_list":["post-2381","post","type-post","status-publish","format-standard","has-post-thumbnail","hentry","category-actualidad"],"_links":{"self":[{"href":"https:\/\/elmundodelapolitica.com\/v1\/wp-json\/wp\/v2\/posts\/2381","targetHints":{"allow":["GET"]}}],"collection":[{"href":"https:\/\/elmundodelapolitica.com\/v1\/wp-json\/wp\/v2\/posts"}],"about":[{"href":"https:\/\/elmundodelapolitica.com\/v1\/wp-json\/wp\/v2\/types\/post"}],"author":[{"embeddable":true,"href":"https:\/\/elmundodelapolitica.com\/v1\/wp-json\/wp\/v2\/users\/2"}],"replies":[{"embeddable":true,"href":"https:\/\/elmundodelapolitica.com\/v1\/wp-json\/wp\/v2\/comments?post=2381"}],"version-history":[{"count":0,"href":"https:\/\/elmundodelapolitica.com\/v1\/wp-json\/wp\/v2\/posts\/2381\/revisions"}],"wp:featuredmedia":[{"embeddable":true,"href":"https:\/\/elmundodelapolitica.com\/v1\/wp-json\/wp\/v2\/media\/2382"}],"wp:attachment":[{"href":"https:\/\/elmundodelapolitica.com\/v1\/wp-json\/wp\/v2\/media?parent=2381"}],"wp:term":[{"taxonomy":"category","embeddable":true,"href":"https:\/\/elmundodelapolitica.com\/v1\/wp-json\/wp\/v2\/categories?post=2381"},{"taxonomy":"post_tag","embeddable":true,"href":"https:\/\/elmundodelapolitica.com\/v1\/wp-json\/wp\/v2\/tags?post=2381"}],"curies":[{"name":"wp","href":"https:\/\/api.w.org\/{rel}","templated":true}]}}